{"id":401611,"date":"2026-04-03T00:50:49","date_gmt":"2026-04-02T21:50:49","guid":{"rendered":"https:\/\/officialguides.com\/uncategorized-hu\/licencelt-idegenvezetok-privat-turak-firenze\/"},"modified":"2026-04-04T17:14:31","modified_gmt":"2026-04-04T14:14:31","slug":"licencelt-idegenvezetok-privat-turak-firenze","status":"publish","type":"post","link":"https:\/\/officialguides.com\/hu\/europa\/olaszorszag\/firenze\/licencelt-idegenvezetok-privat-turak-firenze\/","title":{"rendered":"Licencelt Idegenvezet\u0151k Firenz\u00e9ben \u2014 Priv\u00e1t T\u00far\u00e1k magyarul"},"content":{"rendered":"<p><!-- ==================================================== SEO META & SLUG \u2014 WordPress mez\u0151kbe beillesztend\u0151 ==================================================== SLUG: \/hu\/licencelt-idegenvezetok-privat-turak-firenze\/ SEO TITLE (59 karakter): Licencelt idegenvezet\u0151k Firenz\u00e9ben \u2014 Priv\u00e1t t\u00far\u00e1k magyarul META DESCRIPTION (155 karakter): Priv\u00e1t t\u00fara Firenz\u00e9ben magyarul: val\u00f3s \u00e1rak, p\u00e9lda \u00fatvonalak, soron k\u00edv\u00fcli bejut\u00e1s \u00e9s k\u00f6zvetlen kapcsolat licencelt idegenvezet\u0151kkel \u2014 friss\u00edtve 2026. F\u0150 KULCSSZ\u00d3: licencelt idegenvezet\u0151k \u00e9s priv\u00e1t t\u00far\u00e1k Firenz\u00e9ben magyarul M\u00c1SODLAGOS: priv\u00e1t idegenvezet\u0151 Firenze \u00e1r \/ mennyibe ker\u00fcl idegenvezet\u00e9s Firenze Uffizi Accademia magyar nyelv\u0171 idegenvezet\u0151 Firenze egynapos kir\u00e1ndul\u00e1s Toszk\u00e1na Firenz\u00e9b\u0151l ==================================================== SZINONIMA-ELOSZL\u00c1S (Val\u00f3s magyar versenyt\u00e1rs- elemz\u00e9s alapj\u00e1n) ==================================================== Elemzett versenyt\u00e1rsak: firenze-latnivalok.hu (Leg\u00e9ny \u00c9va), firenzeiutazas.hu (Tihanyi Kinga), toszkanamania.hu (magyar idegenvezet\u0151k list\u00e1ja), budavartours.hu, villamtura.hu, galbusz.hu, neckermannallee.hu, tdmtravel.hu F\u0151: \"licencelt idegenvezet\u0151\" (leggyakrabban keresett) V\u00e1ltozat 1: \"magyarul\" \/ \"magyar nyelv\u0171\" (nyelvi hivatkoz\u00e1s) V\u00e1ltozat 2: \"hivatalos idegenvezet\u0151\" (hivatalos alternat\u00edva) V\u00e1ltozat 3: \"okleveles idegenvezet\u0151\" (alternat\u00edva) V\u00e1ltozat 4: \"enged\u00e9llyel rendelkez\u0151 idegenvezet\u0151\" NEM HASZN\u00c1LT: \"profi idegenvezet\u0151\", \"szak\u00e9rt\u0151 vezet\u0151\" (t\u00fal \u00e1ltal\u00e1nos \/ kannibaliz\u00e1ci\u00f3 kock\u00e1zata) ==================================================== TARTALOM \u2014 WordPress \u201eCustom HTML\" blokkba illesztend\u0151 ==================================================== --><\/p>\n<div class=\"ptr-wrap\">\n<p style=\"font-size: 0.9rem; color: #888; margin-top: 0.1rem; margin-bottom: 1rem; font-family: Arial,sans-serif;\">\ud83d\udd50 Friss\u00edtve: 2026. m\u00e1rcius \u00a0\u00b7\u00a0 \ud83d\udccd Firenze, Toszk\u00e1na, Olaszorsz\u00e1g<\/p>\n<div class=\"ptr-intro-box\">\u2726 <strong>Gyors v\u00e1lasz:<\/strong> Egy licencelt idegenvezet\u0151 Firenz\u00e9ben \u00e1ltal\u00e1ban <strong>180 \u20ac \u00e9s 320 \u20ac k\u00f6z\u00f6tti fix csoportd\u00edjat<\/strong> sz\u00e1m\u00edt fel egy f\u00e9lnapos vagy eg\u00e9sz napos t\u00far\u00e1\u00e9rt \u2013 nem fejenk\u00e9nt. \u00d6n v\u00e1lasztja meg a temp\u00f3t, a meg\u00e1ll\u00f3kat \u00e9s a f\u00f3kuszt. A m\u00fazeumi jegyeket \u00e1ltal\u00e1ban az idegenvezet\u0151 int\u00e9zi, de k\u00fcl\u00f6n kell fizetni \u00e9rt\u00fck. Ez az oldal a val\u00f3s \u00e1rakkal, az idegenvezet\u0151i profilokkal, a k\u00fcl\u00f6nf\u00e9le t\u00faraform\u00e1tumok gyakorlati megval\u00f3s\u00edt\u00e1s\u00e1val \u00e9s a licenc val\u00f3dis\u00e1g\u00e1nak ellen\u0151rz\u00e9s\u00e9vel foglalkozik. Lejjebb g\u00f6rgetve megtal\u00e1lja <strong><em><span style=\"color: #ff0000;\">\u261e <\/span><a style=\"color: #b89553;\" href=\"#florence-guides\"><span style=\"color: #0000ff;\">Firenz\u00e9ben \u00e9l\u0151, enged\u00e9llyel rendelkez\u0151 magyar nyelv\u0171 idegenvezet\u0151k profiljait<\/span><\/a><\/em><\/strong> \u2013 ellen\u0151rizheti el\u00e9rhet\u0151s\u00e9g\u00fcket, olvashat az aj\u00e1nlataikr\u00f3l, \u00e9s k\u00f6zvetlen\u00fcl el\u00e9rheti \u0151ket \u00e9l\u0151 chaten vagy hang\u00fczenetben, foglal\u00e1si platform k\u00f6zbeiktat\u00e1sa n\u00e9lk\u00fcl.<\/div>\n<div><\/div>\n<p>A legt\u00f6bben azzal az elv\u00e1r\u00e1ssal \u00e9rkeznek Firenz\u00e9be \u2014 a renesz\u00e1nsz b\u00f6lcs\u0151j\u00e9be \u2014, hogy l\u00e1tnak egy sz\u00e9p v\u00e1rost: kipip\u00e1lj\u00e1k a D\u00f3mot, \u00e1tkelnek a Ponte Vecchi\u00f3n, esetleg sorban \u00e1llnak az Uffizin\u00e9l, majd azzal a k\u00ednz\u00f3 \u00e9rz\u00e9ssel t\u00e1voznak, hogy alig karcolt\u00e1k meg a felsz\u00ednt. Ennek oka a v\u00e1ros s\u0171r\u0171 jelent\u00e9startalma. Minden palota, minden k\u00e1polna \u00e9s a Piazza della Signoria, valamint az Oltrarno k\u00f6z\u00f6tti minden sz\u0171k utca olyan r\u00e9tegeket hordoz, amelyek egyszer\u0171en nem l\u00e1that\u00f3ak, hacsak valaki le nem h\u00e1ntja \u0151ket \u00d6nnek.<\/p>\n<figure style=\"width: 690px\" class=\"wp-caption aligncenter\"><img decoding=\"async\" src=\"https:\/\/officialguides.com\/wp-content\/uploads\/2026\/03\/private-tour-guide-uffizi-gallery-florence.jpg\" alt=\"{%ALT_TEXT%}\" width=\"700\" height=\"339\" \/><figcaption class=\"wp-caption-text\"><em>Egy licencelt idegenvezet\u0151 \u00e9letre kelti Botticellit \u00e9s Leonard\u00f3t az Uffiziben \u2014 ezt az \u00e9lm\u00e9nyt egyetlen audioguide sem k\u00e9pes reproduk\u00e1lni.<\/em><\/figcaption><\/figure>\n<h2>Mi\u00e9rt sz\u00e1m\u00edt, hogy egy idegenvezet\u0151 rendelkezik-e licenccel Firenz\u00e9ben?<\/h2>\n<p>Olaszorsz\u00e1g a legt\u00f6bb orsz\u00e1gn\u00e1l szigor\u00fabban szab\u00e1lyozza az idegenvezet\u0151i szakm\u00e1t. Toszk\u00e1n\u00e1ban a hivatalos idegenvezet\u0151v\u00e9 (<em>guida turistica abilitata<\/em>) v\u00e1l\u00e1s egy elismert akad\u00e9miai tanterv elv\u00e9gz\u00e9s\u00e9t jelenti m\u0171v\u00e9szett\u00f6rt\u00e9net, r\u00e9g\u00e9szet vagy kultur\u00e1lis \u00f6r\u00f6ks\u00e9g ter\u00fclet\u00e9n, amelyet egy region\u00e1lis \u00e1llami vizsga k\u00f6vet. Ez nem egy h\u00e9tv\u00e9gi tanfolyam. A vizsga m\u00e9lyre hatol \u2014 Giott\u00f3t\u00f3l a k\u00e9s\u0151 barokkig \u2014, \u00e9s akik \u00e1tmennek, kapnak egy sorsz\u00e1mozott igazolv\u00e1nyt (a <em>patentino<\/em>-t), amelyet Toszk\u00e1na r\u00e9gi\u00f3ja \u00e1ll\u00edt ki, \u00e9s regisztr\u00e1lva van az <a href=\"https:\/\/www.ministeroturismo.gov.it\/piattaforma-nazionale-delle-guide-turistiche\/\" target=\"_blank\" rel=\"noopener\">Olasz Turisztikai Miniszt\u00e9rium nemzeti platformj\u00e1n<\/a>.<\/p>\n<p>Mit jelent ez a gyakorlatban? Kiz\u00e1r\u00f3lag licencelt vezet\u0151k vezethetnek leg\u00e1lisan t\u00far\u00e1kat Firenze m\u00fazeumaiban \u00e9s m\u0171eml\u00e9keiben. Az Uffizi k\u00e9pt\u00e1r, a Galleria dell&#8217;Accademia (Michelangelo D\u00e1vidj\u00e1nak otthona), a Palazzo Pitti komplexum, a D\u00f3m belseje \u2014 egy enged\u00e9ly n\u00e9lk\u00fcli szolg\u00e1ltat\u00f3 t\u00f6rv\u00e9nyesen nem l\u00e9phet be ezekbe a terekbe szakmai min\u0151s\u00e9gben, f\u00fcggetlen\u00fcl att\u00f3l, mennyire t\u00e1j\u00e9kozott. Ha a l\u00e1togat\u00e1sa m\u00fazeumot is tartalmaz, az idegenvezet\u0151 licenc\u00e9nek ellen\u0151rz\u00e9se nem csup\u00e1n min\u0151s\u00e9gi \u00f3vint\u00e9zked\u00e9s. Ez jogi k\u00f6vetelm\u00e9ny.<\/p>\n<p>Van egy egy\u00e9rtelm\u0171 min\u0151s\u00e9gi \u00e9rv is. A firenzei okleveles idegenvezet\u0151k jellemz\u0151en \u00e9veket t\u00f6lt\u00f6ttek kifejezetten ennek a v\u00e1rosnak a tanulm\u00e1nyoz\u00e1s\u00e1val. Tudj\u00e1k, melyik termet \u00e9rdemes el\u0151sz\u00f6r felkeresni az Uffiziben a t\u00f6meg elker\u00fcl\u00e9se \u00e9rdek\u00e9ben, mikor esik a f\u00e9ny a Keresztel\u0151k\u00e1polna mozaikjaira a legmegfelel\u0151bb sz\u00f6gben, \u00e9s hogyan tarts\u00e1k fenn egy t\u00edz\u00e9ves gyerek figyelm\u00e9t D\u00e1vid \u00e9s G\u00f3li\u00e1t t\u00f6rt\u00e9net\u00e9vel, mik\u00f6zben az igazi szobor el\u0151tt \u00e1llnak.<\/p>\n<p><!-- ============================================================ IDEGENVEZET\u0150I PROFILOK \u2014 Chat \/ Hang\u00fczenet ============================================================ --><\/p>\n<div id=\"florence-guides\">\n<h2>Licencelt idegenvezet\u0151k Firenz\u00e9ben magyarul \u2014 Chat vagy hang\u00fczenet \ud83d\udc47<\/h2>\n<p><em><strong>Priv\u00e1t idegenvezet\u00e9si d\u00edjak Firenz\u00e9ben;<\/strong> az \u00e1rak a csoport l\u00e9tsz\u00e1m\u00e1t\u00f3l \u00e9s a szezont\u00f3l f\u00fcgg\u0151en v\u00e1ltoznak, de jellemz\u0151en <strong>\u00f3r\u00e1nk\u00e9nt 60 \u00e9s 100 eur\u00f3 k\u00f6z\u00f6tt<\/strong> mozognak. K\u00f6zvetlen\u00fcl az idegenvezet\u0151t\u0151l k\u00e9rdezhet r\u00e1 a szabad id\u0151pontokra \u00e9s a pontos \u00e1rakra. \u00d6n licencelt idegenvezet\u0151? <a style=\"color: #b89553;\" href=\"https:\/\/officialguides.com\/contact-us\/\">Csatlakozzon h\u00e1l\u00f3zatunkhoz.<\/a><\/em><\/p>\n    <div class=\"ogc-guides-container\">\n\n                        <div class=\"ogc-guide-card\" data-guide-id=\"399046\">\n        <div class=\"ogc-card-header\">\n            <div class=\"ogc-photo-section\">\n                                    <div class=\"ogc-photo-placeholder\">\ud83d\udc64<\/div>\n                            <\/div>\n            <div class=\"ogc-info-section\">\n                <div class=\"ogc-badge\">\u2713 Hivatalos Idegenvezet\u0151<\/div>\n                <h3 class=\"ogc-guide-name\">No Guide Listed Yet<\/h3>\n                                                            <\/div>\n        <\/div>\n        \n        <button class=\"ogc-accordion-toggle\">N\u00c9ZZE MEG A SZOLG\u00c1LTAT\u00c1SAIMAT & \ud83d\udc49 CHATELJEN MOST<\/button>\n        \n        <div class=\"ogc-accordion-content\" style=\"display: none;\">\n            <div class=\"ogc-tabs\">\n                <button class=\"ogc-tab-btn active\" data-tab=\"about\">R\u00d3LAM<\/button>\n                <button class=\"ogc-tab-btn\" data-tab=\"tours\">SZOLG\u00c1LTAT\u00c1SAIM<\/button>\n                <button class=\"ogc-tab-btn\" data-tab=\"reviews\">\u00c9RT\u00c9KEL\u00c9SEK<\/button>\n                <button class=\"ogc-tab-btn ogc-chat-tab\" data-tab=\"chat\">CSEVEGJEN MOST!<\/button>\n            <\/div>\n            \n            <div class=\"ogc-tab-content active\" data-content=\"about\">\n                <p>M\u00e9g Nincs Inform\u00e1ci\u00f3<\/p>            <\/div>\n\n            <div class=\"ogc-tab-content\" data-content=\"tours\">\n                <p>M\u00e9g Nincsenek Meghirdetett T\u00far\u00e1k<\/p>            <\/div>\n            \n            <div class=\"ogc-tab-content\" data-content=\"reviews\">\n                    <div class=\"ogc-reviews-section\">\n        \n                    <p class=\"ogc-no-reviews\">M\u00e9g nincsenek v\u00e9lem\u00e9nyek. Legyen \u00d6n az els\u0151, aki megosztja tapasztalatait!<\/p>\n                \n        <button class=\"ogc-add-review-btn\" onclick=\"ogcShowReviewForm(399046)\">V\u00e9lem\u00e9ny \u00cdr\u00e1sa<\/button>\n        \n        <div id=\"ogc-review-form-399046\" class=\"ogc-review-form\" style=\"display: none;\">\n            <h4>Ossza Meg Tapasztalatait<\/h4>\n            <form class=\"ogc-submit-review\" data-guide-id=\"399046\">\n                <input type=\"text\" name=\"reviewer_name\" placeholder=\"Az \u00d6n Neve\" required>\n                <input type=\"email\" name=\"reviewer_email\" placeholder=\"Az \u00d6n E-mail C\u00edme\" required>\n                <div class=\"ogc-star-rating-input\">\n                    <label>Az \u00d6n \u00e9rt\u00e9kel\u00e9se:<\/label>\n                    <div class=\"ogc-star-select\" data-guide-id=\"399046\">\n                        <span data-value=\"1\">\u2606<\/span>\n                        <span data-value=\"2\">\u2606<\/span>\n                        <span data-value=\"3\">\u2606<\/span>\n                        <span data-value=\"4\">\u2606<\/span>\n                        <span data-value=\"5\">\u2606<\/span>\n                    <\/div>\n                    <input type=\"hidden\" name=\"rating\" value=\"0\">\n                <\/div>\n                <textarea name=\"review_text\" rows=\"4\" placeholder=\"Mes\u00e9lje El Tapasztalatait Err\u0151l A Guide-r\u00f3l...\" required><\/textarea>\n                <button type=\"submit\">V\u00e9lem\u00e9ny K\u00fcld\u00e9se<\/button>\n                <button type=\"button\" onclick=\"ogcHideReviewForm(399046)\">M\u00e9gsem<\/button>\n            <\/form>\n        <\/div>\n    <\/div>\n                <\/div>\n            \n            <div class=\"ogc-tab-content\" data-content=\"chat\">\n                    <div class=\"ogc-chat-form-container\" data-guide-id=\"399046\">\n        <form class=\"ogc-start-chat-form\">\n            <h4>\u05d4\u05ea\u05d7\u05dc \u05e9\u05d9\u05d7\u05d4<\/h4>\n            <input type=\"text\" name=\"visitor_name\" placeholder=\"Az \u00d6n Neve \u00e9s Vezet\u00e9kneve\" required>\n            <input type=\"email\" name=\"visitor_email\" placeholder=\"Az \u00d6n E-mail C\u00edme\" required>\n            <div class=\"ogc-phone-group\">\n    <div style=\"position: relative; display: inline-block; width: 80px;\">\n        <span style=\"position: absolute; left: 10px; top: 50%; transform: translateY(-50%); color: #333; font-weight: bold; pointer-events: none;\">+<\/span>\n        <input type=\"text\" name=\"country_code_raw\" placeholder=\"90\" style=\"width: 80px; padding-left: 22px;\" required pattern=\"\\d{1,4}\" inputmode=\"numeric\" maxlength=\"4\">\n        <input type=\"hidden\" name=\"country_code\" value=\"\">\n    <\/div>\n    <input type=\"tel\" name=\"phone_number\" placeholder=\"555 123 4567\" required>\n<\/div>\n<small style=\"color: #666; display: block; margin-bottom: 10px;\">\n    Orsz\u00e1gk\u00f3d + Telefonsz\u00e1m<\/small>\n            <button type=\"submit\" class=\"ogc-start-chat-btn\">Cseveg\u00e9s Ind\u00edt\u00e1sa<\/button>\n        <\/form>\n    <\/div>\n                <\/div>\n        <\/div>\n    <\/div>\n                <\/div>\n    \n<p style=\"font-size: 0.88rem; color: #666; margin-top: 1rem;\">B\u00f6ng\u00e9sszen a profilok k\u00f6z\u00f6tt, hogy l\u00e1ssa az \u00e1ltaluk k\u00edn\u00e1lt t\u00far\u00e1kat, az \u00e1ltaluk besz\u00e9lt nyelveket \u00e9s szak\u00e9rtelmi ter\u00fcleteiket. Kattintson a <strong>Chat Now<\/strong> gombra az id\u0151pont egyeztet\u00e9s\u00e9hez \u00e9s az \u00e1raj\u00e1nlat k\u00e9r\u00e9s\u00e9hez \u2014 foglal\u00e1si d\u00edjak \u00e9s k\u00f6zvet\u00edt\u0151k n\u00e9lk\u00fcl.<\/p>\n<\/div>\n<h2>Milyen t\u00edpus\u00fa priv\u00e1t t\u00far\u00e1k \u00e9rhet\u0151ek el Firenz\u00e9ben?<\/h2>\n<div class=\"ptr-types-grid\">\n<div class=\"ptr-type-item\">\n<h3>\ud83c\udfdb\ufe0f M\u00fazeumi \u00e9s gal\u00e9ria t\u00far\u00e1k<\/h3>\n<p>Priv\u00e1t l\u00e1togat\u00e1sok az Uffizi k\u00e9pt\u00e1rba, az <a href=\"https:\/\/www.galleriaaccademiafirenze.it\/en\/\" target=\"_blank\" rel=\"noopener\">Accademi\u00e1ba<\/a> (Michelangelo D\u00e1vidja), a Bargell\u00f3ba vagy a Palazzo Pitti Palatinus-gal\u00e9ri\u00e1j\u00e1ba. Az idegenvezet\u0151je el\u0151re int\u00e9zi az id\u0151pontra sz\u00f3l\u00f3 jegyeket, \u00edgy nincs sorban \u00e1ll\u00e1s \u2014 ami nagy el\u0151ny a cs\u00facsid\u0151szakokban, amikor az Uffizi sora \u00f6nmag\u00e1ban is meghaladhatja a kilencven percet.<\/p>\n<\/div>\n<div class=\"ptr-type-item\">\n<h3>\ud83d\udeb6 T\u00f6rt\u00e9nelmi belv\u00e1rosi gyalogt\u00far\u00e1k<\/h3>\n<p>Sietts\u00e9g n\u00e9lk\u00fcli s\u00e9ta a k\u00f6z\u00e9pkori \u00e9s renesz\u00e1nsz magon kereszt\u00fcl: a D\u00f3m-komplexum, a Piazza della Signoria, a Palazzo Vecchio, a Ponte Vecchio, majd \u00e1t a foly\u00f3n az Oltrarn\u00f3ba. K\u00fcl\u00f6n\u00f6sen j\u00f3l m\u0171k\u00f6dik els\u0151 reggeli t\u00e1j\u00e9koz\u00f3d\u00e1sk\u00e9nt \u2014 k\u00e9pet kap a terepviszonyokr\u00f3l \u00e9s keretet mindahhoz, amit k\u00e9s\u0151bb l\u00e1tni fog.<\/p>\n<\/div>\n<div class=\"ptr-type-item\">\n<h3>\ud83c\udf77 Gasztro-, bor- \u00e9s piaci t\u00far\u00e1k<\/h3>\n<p>A Mercato Centrale, a San Lorenzo utcai \u00e1rusok, a lampredotto standok \u00e9s az olyan szomsz\u00e9ds\u00e1gi trattori\u00e1k, amelyek soha nem ker\u00fclnek fel a TripAdvisor els\u0151 oldal\u00e1ra. N\u00e9h\u00e1ny idegenvezet\u0151 ezt az Oltrarno k\u00e9zm\u0171ves m\u0171helyeinek \u2014 aranym\u0171vesek, k\u00f6nyvk\u00f6t\u0151k, b\u0151rd\u00edszm\u0171vesek \u2014 megl\u00e1togat\u00e1s\u00e1val p\u00e1ros\u00edtja, hogy teljesebb k\u00e9pet adjon arr\u00f3l, hogyan is \u00e9l val\u00f3j\u00e1ban Firenze.<\/p>\n<\/div>\n<div class=\"ptr-type-item\">\n<h3>\ud83c\udf3f Toszk\u00e1n egynapos kir\u00e1ndul\u00e1sok Firenz\u00e9b\u0151l<\/h3>\n<p>Eg\u00e9sz napos kir\u00e1ndul\u00e1sok Sien\u00e1ba, San Gimignan\u00f3ba, a Chianti borvid\u00e9kre vagy a Val d&#8217;Orci\u00e1ba, k\u00fcl\u00f6n szervezett priv\u00e1t k\u00f6zleked\u00e9ssel. A legjobb idegenvezet\u0151k tudj\u00e1k, mely bor\u00e1szatok fogadj\u00e1k a kisebb csoportokat foglal\u00e1s n\u00e9lk\u00fcl, \u00e9s melyik hegyi v\u00e1rost mikor \u00e9rdemes felkeresni az arany\u00f3ra f\u00e9nyei\u00e9rt.<\/p>\n<\/div>\n<div class=\"ptr-type-item\">\n<h3>\ud83d\udc68\u200d\ud83d\udc69\u200d\ud83d\udc67 Csal\u00e1dbar\u00e1t t\u00far\u00e1k<\/h3>\n<p>Kevesebb el\u0151ad\u00e1s, t\u00f6bb t\u00f6rt\u00e9netmes\u00e9l\u00e9s. Egy \u00fcgyes idegenvezet\u0151 a Medici-sag\u00e1t valami olyasmiv\u00e9 tudja alak\u00edtani, ami egy kilenc\u00e9ves sz\u00e1m\u00e1ra is lebilincsel\u0151 \u2014 visz\u00e1lyok, mer\u00e9nyletek, titkos \u00e1tj\u00e1r\u00f3k a Vasari-folyos\u00f3n. Sokkal jobban m\u0171k\u00f6dik, mint gondoln\u00e1, \u00e9s ez azt jelenti, hogy a sz\u00fcl\u0151k is val\u00f3ban \u00e9lvezhetik a m\u0171v\u00e9szetet.<\/p>\n<\/div>\n<div class=\"ptr-type-item\">\n<h3>\ud83c\udfa8 Tematikus \u00e9s speci\u00e1lis t\u00far\u00e1k<\/h3>\n<p>M\u00e9lyf\u00far\u00e1s a renesz\u00e1nsz m\u0171v\u00e9szetbe, a Medici-dinasztia n\u00e9gy \u00e9vsz\u00e1zadon \u00e1t, Dante Firenz\u00e9je (az <em>Isteni Sz\u00ednj\u00e1t\u00e9k<\/em> val\u00f3s helysz\u00ednei), vagy divatt\u00f6rt\u00e9net a Palazzo Pitti koszt\u00fcmgall\u00e9ri\u00e1j\u00e1n kereszt\u00fcl. Van egy konkr\u00e9t \u00e9rdekl\u0151d\u00e9si k\u00f6re? A legt\u00f6bb enged\u00e9llyel rendelkez\u0151 idegenvezet\u0151 k\u00e9pes egy teljes \u00fatvonalat k\u00f6r\u00e9 \u00e9p\u00edteni.<\/p>\n<\/div>\n<\/div>\n<figure style=\"width: 690px\" class=\"wp-caption aligncenter\"><img decoding=\"async\" src=\"https:\/\/officialguides.com\/wp-content\/uploads\/2026\/03\/private-walking-tour-ponte-vecchio-florence.jpg\" alt=\"{%ALT_TEXT%}\" width=\"700\" height=\"339\" \/><figcaption class=\"wp-caption-text\"><em>A firenzei priv\u00e1t gyalogt\u00far\u00e1k az \u00d6n temp\u00f3j\u00e1ban haladnak \u2014 \u00e9s gyakran eljutnak olyan helyekre, ahov\u00e1 a csoportos t\u00far\u00e1k soha nem n\u00e9znek be.<\/em><\/figcaption><\/figure>\n<h2>Mennyibe ker\u00fcl egy priv\u00e1t idegenvezet\u0151 Firenz\u00e9ben?<\/h2>\n<p>Ez az a k\u00e9rd\u00e9s, amit mindenki el\u0151sz\u00f6r feltesz \u2014 \u00e9s a v\u00e1lasz egyszer\u0171bb, mint v\u00e1rn\u00e1. A firenzei licencelt priv\u00e1t idegenvezet\u0151k szinte mindig <strong>fix d\u00edjat sz\u00e1m\u00edtanak fel csoportonk\u00e9nt<\/strong>, nem fejenk\u00e9nt. Ez az egyetlen r\u00e9szlet jelent\u0151sen megv\u00e1ltoztatja a gazdas\u00e1goss\u00e1got: egy n\u00e9gyf\u0151s priv\u00e1t t\u00fara gyakran kevesebbe ker\u00fcl fejenk\u00e9nt, mint az egy\u00e9ni csoportos t\u00farajegyek megv\u00e1s\u00e1rl\u00e1sa a nagy platformokon.<\/p>\n<p>\u00cdgy n\u00e9z ki a piac 2026-ban:<\/p>\n<div class=\"ptr-itinerary\">\n<p class=\"ptr-itinerary-label\">\u00c1rak \u00e1ttekint\u00e9se<\/p>\n<h3>Priv\u00e1t t\u00fara jellemz\u0151 k\u00f6lts\u00e9gei Firenz\u00e9ben (2026)<\/h3>\n<p><strong>F\u00e9lnapos t\u00fara (kb. 3 \u00f3ra):<\/strong> 180 \u20ac \u2013 220 \u20ac a teljes csoportnak<br \/>\n<strong>Eg\u00e9sz napos t\u00fara (kb. 6 \u00f3ra):<\/strong> 300 \u20ac \u2013 390 \u20ac a teljes csoportnak<br \/>\n<strong>Minden tov\u00e1bbi \u00f3ra a 6. ut\u00e1n:<\/strong> 60 \u20ac \u2013 80 \u20ac<br \/>\n<strong>M\u00fazeumi bel\u00e9p\u0151jegyek:<\/strong> K\u00fcl\u00f6n fizetend\u0151 \u2014 jellemz\u0151en az idegenvezet\u0151 int\u00e9zi el\u0151re<br \/>\n<strong>Priv\u00e1t k\u00f6zleked\u00e9s toszk\u00e1n kir\u00e1ndul\u00e1sokhoz:<\/strong> K\u00fcl\u00f6n \u00e1raj\u00e1nlat, t\u00e1vols\u00e1gt\u00f3l \u00e9s j\u00e1rm\u0171t\u00edpust\u00f3l f\u00fcgg\u0151en<\/p>\n<p style=\"margin-top: 0.8rem; font-size: 0.85rem; color: #777;\">Az \u00e1rak idegenvezet\u0151nk\u00e9nt, szezononk\u00e9nt \u00e9s a konkr\u00e9t \u00fatvonal f\u00fcggv\u00e9ny\u00e9ben v\u00e1ltoznak. A f\u0151szezoni foglal\u00e1sok (m\u00e1jus, j\u00fanius, szeptember) szer\u00e9ny fel\u00e1rat vonhatnak maguk ut\u00e1n.<\/p>\n<\/div>\n<p>Hogy \u00e9rezze az ar\u00e1nyokat: egy 3 \u00f3r\u00e1s priv\u00e1t t\u00fara n\u00e9gy emberre elosztva nagyj\u00e1b\u00f3l 45\u201355 eur\u00f3t jelent fejenk\u00e9nt. Egy hasonl\u00f3 csoportos t\u00fara a nagy platformokon 40\u201365 eur\u00f3 fejenk\u00e9nt \u2014 csakhogy ott az idegenvezet\u0151t h\u00fasz-harminc m\u00e1sik l\u00e1togat\u00f3val kell megosztania egy r\u00f6gz\u00edtett \u00fatvonalon. Egy \u00f6t-hat f\u0151s csal\u00e1d sz\u00e1m\u00e1ra a priv\u00e1t vezet\u00e9s szinte mindig jobb \u00e9rt\u00e9ket <em>\u00e9s<\/em> jobb \u00e9lm\u00e9nyt ny\u00fajt.<\/p>\n<p>Fontos tudni: a legt\u00f6bb idegenvezet\u0151 nem foglalja bele a m\u00fazeumi bel\u00e9p\u0151t a d\u00edj\u00e1ba, mivel a jegy\u00e1rak szezon\u00e1lisan v\u00e1ltoznak \u00e9s korcsoportonk\u00e9nt elt\u00e9r\u0151ek. Egy j\u00f3 idegenvezet\u0151 kezeli a foglal\u00e1si logisztik\u00e1t \u2014 hetekkel el\u0151re lefoglalja az id\u0151pontokat \u2014, de magukat a jegyeket k\u00f6zvetlen\u00fcl kell kifizetni. Ezt mindig tiszt\u00e1zza az \u00e9rdekl\u0151d\u00e9skor.<\/p>\n<h2>Mit tartalmaz val\u00f3j\u00e1ban egy j\u00f3 priv\u00e1t t\u00fara Firenz\u00e9ben?<\/h2>\n<p>Nem minden priv\u00e1t t\u00fara ny\u00fajt azonos min\u0151s\u00e9get. \u00cdme, mi v\u00e1laszt el egy val\u00f3ban j\u00f3l szervezett \u00e9lm\u00e9nyt a felejthet\u0151t\u0151l \u2014 \u00e9s ezeket \u00e9rdemes a foglal\u00e1s el\u0151tt tiszt\u00e1zni:<\/p>\n<ul style=\"padding-left: 1.4rem; line-height: 2;\">\n<li><strong>T\u00fara el\u0151tti kommunik\u00e1ci\u00f3:<\/strong> Egy j\u00f3 idegenvezet\u0151 el\u0151re jelentkezik, hogy \u00e9rdekl\u0151dj\u00f6n az \u00d6n\u00f6k preferenci\u00e1i, mobilit\u00e1sa, a csoport \u00f6sszet\u00e9tele \u00e9s priorit\u00e1sai fel\u0151l. Ez a besz\u00e9lget\u00e9s alak\u00edtja megfelel\u0151en az \u00fatvonalat \u2014 egy n\u00e1szutasp\u00e1r \u00e9s egy h\u00e1rom 12 \u00e9v alatti gyermekkel \u00e9rkez\u0151 csal\u00e1d, m\u00e9g ha mindkett\u0151 az Uffizin\u00e9l is indul, nagyon k\u00fcl\u00f6nb\u00f6z\u0151 programot ig\u00e9nyel.<\/li>\n<li><strong>Soron k\u00edv\u00fcli bejut\u00e1s a m\u00fazeumokba:<\/strong> A f\u0151szezonban az <a href=\"https:\/\/www.uffizi.it\/en\/tickets\" target=\"_blank\" rel=\"noopener\">Uffizi<\/a> vagy az Accademia el\u0151tti v\u00e1rakoz\u00e1s ak\u00e1r k\u00e9t \u00f3r\u00e1t is felem\u00e9szthet. Az el\u0151re lefoglalt jegyekkel rendelkez\u0151 idegenvezet\u0151k ezt teljesen kihagyj\u00e1k. Ny\u00e1ron m\u00e1r \u00f6nmag\u00e1ban ez meg\u00e9ri a d\u00edjat.<\/li>\n<li><strong>Val\u00f3di rugalmass\u00e1g a nap folyam\u00e1n:<\/strong> A priv\u00e1t az priv\u00e1tot jelent. Ha egy festm\u00e9ny meg\u00e1ll\u00edtja \u00e9s h\u00fasz percet szeretne el\u0151tte t\u00f6lteni, az az \u00d6n d\u00f6nt\u00e9se. Ha megl\u00e1t egy gy\u00f6ny\u00f6r\u0171 templomot, ami nem volt a tervben, egy j\u00f3 idegenvezet\u0151 alkalmazkodik hozz\u00e1.<\/li>\n<li><strong>Bennfentes aj\u00e1nl\u00e1sok:<\/strong> Hol eb\u00e9deljenek a t\u00fara ut\u00e1n, melyik gelateria \u00e9ri meg a s\u00e9t\u00e1t, melyik kil\u00e1t\u00f3pontot \u00e9rdemes naplementekor felkeresni, mi az ami t\u00fal\u00e9rt\u00e9kelt \u00e9s mi az, amit val\u00f3ban nem szabad kihagyni. Ebben a tapasztalt idegenvezet\u0151k sokszorosan megkeresik a d\u00edjukat.<\/li>\n<li><strong>Nincsenek jutal\u00e9kos meg\u00e1ll\u00f3k:<\/strong> A hiteles licencelt idegenvezet\u0151k nem viszik be \u00d6n\u00f6ket olyan boltokba vagy \u00e9ttermekbe, ahol jutal\u00e9kot kapnak. Ha k\u00e9ts\u00e9ge van, k\u00e9rdezzen r\u00e1 \u2014 ez teljesen jogos k\u00e9rd\u00e9s.<\/li>\n<\/ul>\n<figure style=\"width: 690px\" class=\"wp-caption aligncenter\"><img decoding=\"async\" src=\"https:\/\/officialguides.com\/wp-content\/uploads\/2026\/03\/guided-tour-michelangelo-david-accademia-florence.jpg\" alt=\"Visitors admiring Michelangelo's David at the Galleria dell'Accademia, Florence\" width=\"700\" height=\"382\" \/><figcaption class=\"wp-caption-text\"><em>Michelangelo D\u00e1vidja az Accademia Gal\u00e9ri\u00e1ban \u2014 minden firenzei priv\u00e1t t\u00fara egyik legt\u00f6bbet k\u00e9rt meg\u00e1ll\u00f3ja.<\/em><\/figcaption><\/figure>\n<h2>P\u00e9lda \u00fatvonalak<\/h2>\n<div class=\"ptr-itinerary\">\n<p class=\"ptr-itinerary-label\">F\u00e9lnap \u00b7 3 \u00f3ra<\/p>\n<h3>Firenze f\u00e9nypontjai \u2014 gyalogt\u00fara<\/h3>\n<p>Kezd\u00e9s a Piazza della Republic\u00e1n, s\u00e9ta a k\u00f6z\u00e9pkori utc\u00e1kon a Piazza della Signoria fel\u00e9. Meg\u00e1ll\u00f3 a Loggia dei Lanzin\u00e1l \u2014 egy szabadt\u00e9ri szoborgal\u00e9ri\u00e1n\u00e1l, amely mellett a legt\u00f6bb l\u00e1togat\u00f3 meg\u00e1ll\u00e1s n\u00e9lk\u00fcl elhalad. \u00c1tkel\u00e9s a Ponte Vecchi\u00f3n annak t\u00f6rt\u00e9net\u00e9vel, hogy a tizenhatodik sz\u00e1zadban mi\u00e9rt v\u00e1ltott\u00e1k fel az aranym\u0171vesek a m\u00e9sz\u00e1rosokat, majd befejez\u00e9s az Oltrarn\u00f3ban egy k\u00e1v\u00e9val az egyik olyan b\u00e1rban, amelyet a turist\u00e1k m\u00e9g nem fedeztek fel. Nincs sz\u00fcks\u00e9g m\u00fazeumi jegyekre, \u00edgy ide\u00e1lis azoknak, akik a szabadt\u00e9ri felfedez\u00e9st prefer\u00e1lj\u00e1k vagy a gal\u00e9ri\u00e1kat m\u00e1r megl\u00e1togatt\u00e1k.<\/p>\n<\/div>\n<div class=\"ptr-itinerary\">\n<p class=\"ptr-itinerary-label\">F\u00e9lnap \u00b7 3 \u00f3ra<\/p>\n<h3>Uffizi k\u00e9pt\u00e1r + \u00f3v\u00e1rosi s\u00e9ta<\/h3>\n<p>Kezd\u00e9s az Uffizi belsej\u00e9ben a magyar nyelv\u0171 licencelt idegenvezet\u0151j\u00e9vel \u00e9s az el\u0151re lefoglalt bel\u00e9p\u0151vel. K\u00f6r\u00fclbel\u00fcl kilencven perc a f\u0151m\u0171vekkel \u2014 Botticelli <em>V\u00e9nusz sz\u00fclet\u00e9se<\/em> \u00e9s <em>Primaver\u00e1ja<\/em>, Leonardo <em>Angyali \u00fcdv\u00f6zlete<\/em>, Raffaello, Caravaggio \u2014 az idegenvezet\u0151 \u00e1ltal ny\u00fajtott kontextussal, amely egy festm\u00e9nyt az \u201eismertb\u0151l&#8221; val\u00f3ban felejthetetlenn\u00e9 tesz. Ut\u00e1na egy r\u00f6videbb vezetett s\u00e9ta az Arno ment\u00e9n \u00e9s a Piazzale degli Uffizi-n kereszt\u00fcl. \u00c9rdemes j\u00f3 el\u0151re foglalni az \u00e1prilis\u2013okt\u00f3beri f\u0151szezonban.<\/p>\n<\/div>\n<div class=\"ptr-itinerary\">\n<p class=\"ptr-itinerary-label\">Eg\u00e9sz nap \u00b7 6 \u00f3ra<\/p>\n<h3>A teljes Firenze-\u00e9lm\u00e9ny<\/h3>\n<p>D\u00e9lel\u0151tt az Accademia Gal\u00e9ri\u00e1ban Michelangelo D\u00e1vidj\u00e1nak megtekint\u00e9se (\u00e9s a gyakran mell\u0151z\u00f6tt <em>Rabszolg\u00e1k<\/em> sorozat ugyanabban a teremben), majd s\u00e9ta a San Lorenzo piacon kereszt\u00fcl. Eb\u00e9dsz\u00fcnet saj\u00e1t szervez\u00e9sben \u2014 az idegenvezet\u0151je aj\u00e1nl egy j\u00f3 helyi \u00e9ttermet. D\u00e9lut\u00e1n az Uffizi k\u00e9pt\u00e1r vagy a Palazzo Pitti Palatinus-gal\u00e9ri\u00e1ja, majd z\u00e1r\u00f3 s\u00e9ta a Ponte Vecchi\u00f3n, amint a k\u00e9s\u0151 d\u00e9lut\u00e1ni f\u00e9nyek megvil\u00e1g\u00edtj\u00e1k az Arn\u00f3t. Az eg\u00e9sz napos t\u00far\u00e1k k\u00fcl\u00f6n\u00f6sen j\u00f3l megfelelnek csal\u00e1doknak, \u00e9s azoknak, akik m\u00e9lys\u00e9gre v\u00e1gynak a nevezetess\u00e9gek elkapkod\u00e1sa helyett.<\/p>\n<\/div>\n<h2>Miben k\u00fcl\u00f6nb\u00f6zik a priv\u00e1t t\u00fara a csoportos t\u00far\u00e1t\u00f3l Firenz\u00e9ben?<\/h2>\n<p>A csoportos t\u00far\u00e1knak megvan a maguk l\u00e9tjogosults\u00e1ga. Fejenk\u00e9nt olcs\u00f3bbak, megfelelnek az egyed\u00fcl utaz\u00f3knak, \u00e9s Firenz\u00e9ben akadnak kifejezetten j\u00f3 kiscsoportos szervez\u0151k is. De a kompromisszumok val\u00f3sak: r\u00f6gz\u00edtett \u00fatvonalak, tizen\u00f6tt\u0151l harminc f\u0151s csoportok, kev\u00e9s hely a k\u00e9rd\u00e9seknek, \u00e9s nulla rugalmass\u00e1g, ha valami v\u00e1ratlan felkelti az \u00e9rdekl\u0151d\u00e9s\u00fcket.<\/p>\n<p>Egy priv\u00e1t t\u00fara magyarul, okleveles idegenvezet\u0151vel, alapvet\u0151en m\u00e1s \u00e9lm\u00e9ny. Az idegenvezet\u0151 teljes figyelme az \u00d6n\u00f6k csoportj\u00e1\u00e9. A temp\u00f3t \u00d6n\u00f6k dikt\u00e1lj\u00e1k. Ha Botticelli <em>Primaver\u00e1ja<\/em> el\u0151tt \u00e1llnak \u00e9s felmer\u00fcl egy k\u00e9rd\u00e9s a narancsliget szimbolik\u00e1j\u00e1r\u00f3l, egyszer\u0171en felteszi \u2014 an\u00e9lk\u00fcl, hogy h\u00fasz idegen t\u00fcrelmetlen\u00fcl v\u00e1rakozna m\u00f6g\u00f6tte. Ha elkezd esni az es\u0151, az idegenvezet\u0151 improviz\u00e1l: egy templom, fedett piac, k\u00e1v\u00e9z\u00f3. Ha egy m\u00fazeum v\u00e1ratlanul zs\u00fafolt, a sorrend egyszer\u0171en megv\u00e1ltozik. Ez a fajta alkalmazkod\u00f3k\u00e9pess\u00e9g csoportos form\u00e1ban nem l\u00e9tezik.<\/p>\n<p>Az \u00e1rk\u00fcl\u00f6nbs\u00e9g is kisebb, mint a legt\u00f6bben gondoln\u00e1k. Ossz\u00e1k el a 200 eur\u00f3s f\u00e9lnapos d\u00edjat n\u00e9gy f\u0151re, \u00e9s fejenk\u00e9nt 50 eur\u00f3n\u00e1l tartanak. Egy csoportos t\u00fara a legt\u00f6bb platformon 35\u201355 eur\u00f3 fejenk\u00e9nt. Ez\u00e9rt a szer\u00e9ny k\u00fcl\u00f6nbs\u00e9g\u00e9rt cser\u00e9be egy teljesen szem\u00e9lyre szabott \u00e9lm\u00e9nyt kapnak.<\/p>\n<p style=\"font-size: 0.92rem; color: #555;\">Ha R\u00f3ma is a terveik k\u00f6z\u00f6tt szerepel, ugyanez a megk\u00f6zel\u00edt\u00e9s ott is m\u0171k\u00f6dik \u2014 van egy k\u00fcl\u00f6n oldalunk a <a href=\"https:\/\/officialguides.com\/europe\/italy\/rome\/licensed-and-private-tour-guides-in-rome\/\">r\u00f3mai licencelt idegenvezet\u0151kr\u0151l \u00e9s priv\u00e1t t\u00far\u00e1kr\u00f3l<\/a>, val\u00f3s \u00e1rakkal \u00e9s k\u00f6zvetlen kapcsolatfelv\u00e9teli lehet\u0151s\u00e9ggel.<\/p>\n<figure style=\"width: 690px\" class=\"wp-caption aligncenter\"><img decoding=\"async\" src=\"https:\/\/officialguides.com\/wp-content\/uploads\/2026\/03\/florence-duomo-brunelleschi-dome-tuscany-view.jpg\" alt=\"Aerial view of Florence Cathedral and Brunelleschi's dome, Tuscany\" width=\"700\" height=\"339\" \/><figcaption class=\"wp-caption-text\"><em>Brunelleschi kupol\u00e1ja tov\u00e1bbra is a renesz\u00e1nsz egyik legnagyobb m\u00e9rn\u00f6ki brav\u00farja \u2014 \u00e9s a m\u00f6g\u00f6tte \u00e1ll\u00f3 t\u00f6rt\u00e9net j\u00f3val gazdagabb, mint a legt\u00f6bb l\u00e1togat\u00f3 sejten\u00e9.<\/em><\/figcaption><\/figure>\n<h2>Gyakran ism\u00e9telt k\u00e9rd\u00e9sek<\/h2>\n<details class=\"ptr-faq\" open=\"open\">\n<summary>Sz\u00fcks\u00e9ges, hogy a firenzei idegenvezet\u0151nek legyen licence?<\/summary>\n<p>Igen. Olaszorsz\u00e1gban a m\u00fazeumokon \u00e9s m\u0171eml\u00e9keken bel\u00fcli vezet\u00e9s enged\u00e9lyhez k\u00f6t\u00f6tt szakma region\u00e1lis szinten. Ahhoz, hogy leg\u00e1lisan vezessen t\u00far\u00e1kat az Uffizi k\u00e9pt\u00e1rban vagy az Accademi\u00e1ban, az idegenvezet\u0151nek rendelkeznie kell Toszk\u00e1na r\u00e9gi\u00f3ja \u00e1ltal ki\u00e1ll\u00edtott hivatalos igazolv\u00e1nnyal (<em>patentino<\/em>), amelyet a m\u0171v\u00e9szett\u00f6rt\u00e9net, r\u00e9g\u00e9szet \u00e9s kultur\u00e1lis \u00f6r\u00f6ks\u00e9g ter\u00fclet\u00e9n tett \u00e1llami vizsga ut\u00e1n adnak ki. Ha a t\u00far\u00e1ja m\u00fazeumot \u00e9rint, mindig ellen\u0151rizze a licencet foglal\u00e1s el\u0151tt.<\/p>\n<\/details>\n<details class=\"ptr-faq\" open=\"open\">\n<summary>Mennyibe ker\u00fcl egy priv\u00e1t idegenvezet\u0151 Firenz\u00e9ben?<\/summary>\n<p>A legt\u00f6bb f\u00fcggetlen licencelt idegenvezet\u0151 fix csoportos d\u00edjat sz\u00e1m\u00edt fel: nagyj\u00e1b\u00f3l 180\u2013220 \u20ac egy f\u00e9lnapra (3 \u00f3ra) \u00e9s 300\u2013390 \u20ac egy eg\u00e9sz napra (6 \u00f3ra). Ezek csoportos d\u00edjak, nem fejenk\u00e9nti k\u00f6lts\u00e9gek \u2014 a m\u00fazeumi jegyek k\u00fcl\u00f6n fizetend\u0151k. Egy n\u00e9gyf\u0151s csoport eset\u00e9ben a fejenk\u00e9nti k\u00f6lts\u00e9g \u00e1ltal\u00e1ban megegyezik egy \u00e1tlagos csoportos t\u00farajegy \u00e1r\u00e1val, de az \u00e9lm\u00e9ny egy teljesen m\u00e1s kateg\u00f3ria.<\/p>\n<\/details>\n<details class=\"ptr-faq\" open=\"open\">\n<summary>Mennyivel el\u0151re \u00e9rdemes lefoglalni a t\u00far\u00e1t?<\/summary>\n<p>A f\u0151szezonban (\u00e1prilist\u00f3l okt\u00f3berig) a 4\u20138 h\u00e9t egy biztons\u00e1gos id\u0151t\u00e1v \u2014 mind a prefer\u00e1lt idegenvezet\u0151 biztos\u00edt\u00e1sa, mind a m\u00fazeumi id\u0151pontok lefoglal\u00e1sa miatt, amelyek gyorsan betelnek. A csendesebb h\u00f3napokban (novembert\u0151l m\u00e1rciusig) \u00e1ltal\u00e1ban egy-k\u00e9t h\u00e9t is elegend\u0151, b\u00e1r a n\u00e9pszer\u0171 d\u00e1tumokra \u00e9s \u00fcnnepekre a korai foglal\u00e1s sosem \u00e1rt.<\/p>\n<\/details>\n<details class=\"ptr-faq\" open=\"open\">\n<summary>Testre szabhat\u00f3 a priv\u00e1t t\u00fara \u00fatvonala?<\/summary>\n<p>Pontosan erre val\u00f3. A legt\u00f6bb licencelt idegenvezet\u0151 el\u0151re megk\u00e9rdezi az \u00e9rdekl\u0151d\u00e9si k\u00f6reit, a temp\u00f3j\u00e1t \u00e9s a priorit\u00e1sait, majd az \u00d6n ig\u00e9nyei k\u00f6r\u00e9 \u00e9p\u00edti a napot. Kiz\u00e1r\u00f3lag renesz\u00e1nsz fest\u00e9szetre szeretne koncentr\u00e1lni? Megoldva. Ink\u00e1bb a piacok \u00e9s k\u00e9zm\u0171ves m\u0171helyek \u00e9rdeklik? Szint\u00e9n. M\u00fazeum \u00e9s v\u00e1rosr\u00e9sz-felfedez\u00e9s kombin\u00e1ci\u00f3ja? Nincs probl\u00e9ma. Ez az \u00d6n t\u00far\u00e1ja.<\/p>\n<\/details>\n<details class=\"ptr-faq\" open=\"open\">\n<summary>A m\u00fazeumi bel\u00e9p\u0151 benne van a t\u00fara \u00e1r\u00e1ban?<\/summary>\n<p>\u00c1ltal\u00e1nos szab\u00e1ly szerint nem. A bel\u00e9p\u0151t k\u00fcl\u00f6n sz\u00e1m\u00edtj\u00e1k fel \u00e9s fizetik. Viszont egy j\u00f3 idegenvezet\u0151 teljes m\u00e9rt\u00e9kben int\u00e9zi a logisztik\u00e1t \u2014 kell\u0151 id\u0151ben lefoglalja az id\u0151pontos bel\u00e9p\u0151ket, hogy ne kelljen sorban \u00e1llni. Egyes platformok a jegy \u00e1r\u00e1t tartalmazz\u00e1k az \u00f6sszegben, ez\u00e9rt mindig tiszt\u00e1zza a kapcsolatfelv\u00e9telkor, mi van benne az \u00e1rban.<\/p>\n<\/details>\n<details class=\"ptr-faq\" open=\"open\">\n<summary>Mikor \u00e9rdemes legink\u00e1bb Firenz\u00e9t megl\u00e1togatni priv\u00e1t idegenvezet\u0151vel?<\/summary>\n<p>Tavasz (\u00e1prilis\u2013j\u00fanius eleje) \u00e9s kora \u0151sz (szeptember\u2013okt\u00f3ber k\u00f6zepe) k\u00edn\u00e1lja a legjobb egyens\u00falyt: kellemes id\u0151j\u00e1r\u00e1s \u00e9s kezelhet\u0151 turistat\u00f6meg. J\u00falius \u00e9s augusztus forr\u00f3 \u00e9s zs\u00fafolt \u2014 a m\u00fazeumokban van kl\u00edma, az utc\u00e1kon nincs. A t\u00e9l (november\u2013m\u00e1rcius) \u00e9rezhet\u0151en nyugodtabb, r\u00f6videbb sorokkal \u00e9s alacsonyabb \u00e1rakkal. Vigyen egy meleg kab\u00e1tot, \u00e9s a v\u00e1ros szinte csak az \u00d6n\u00e9 lesz.<\/p>\n<\/details>\n<details class=\"ptr-faq\" open=\"open\">\n<summary>Alkalmasak a firenzei priv\u00e1t t\u00far\u00e1k gyerekek sz\u00e1m\u00e1ra?<\/summary>\n<p>Hat\u00e1rozottan. Sok helyi licencelt idegenvezet\u0151nek van tapasztalata csal\u00e1dokkal \u2014 a legfontosabb, hogy foglal\u00e1skor adja meg a gyerekek \u00e9letkor\u00e1t, hogy az idegenvezet\u0151 alkalmazhassa a t\u00f6rt\u00e9netmes\u00e9l\u00e9st. A legjobb csal\u00e1di idegenvezet\u0151k a Medici-t\u00f6rt\u00e9nelmet olyasmiv\u00e9 var\u00e1zsolj\u00e1k, ami val\u00f3ban lek\u00f6ti a gyerekeket \u2014 intrik\u00e1k, m\u00e9rgez\u00e9sek, titkos folyos\u00f3k \u2014 ami azt is jelenti, hogy a sz\u00fcl\u0151k v\u00e9gre \u00e9lvezhetik a m\u0171v\u00e9szetet az unalomkezel\u00e9s helyett.<\/p>\n<\/details>\n<details class=\"ptr-faq\" open=\"open\">\n<summary>Hogyan ellen\u0151rizhetem, hogy az idegenvezet\u0151m hivatalosan licencelt-e?<\/summary>\n<p>Minden toszk\u00e1nai licencelt idegenvezet\u0151 mag\u00e1n\u00e1l hordja a Toszk\u00e1na r\u00e9gi\u00f3ja \u00e1ltal ki\u00e1ll\u00edtott sorsz\u00e1mozott <em>patentino<\/em>-j\u00e1t. Nyugodtan k\u00e9rje meg, hogy mutassa meg \u2014 a hiteles szakemberek ezt nem veszik zokon. Emellett ellen\u0151rizhet a <a href=\"https:\/\/www.centroguidetoscana.it\/\" target=\"_blank\" rel=\"noopener\">Toszk\u00e1na idegenvezet\u0151i nyilv\u00e1ntart\u00e1s\u00e1ban<\/a> is az interneten.<\/p>\n<ul>\n<li><em>Ez az oldal el\u00e9rhet\u0151 <a href=\"https:\/\/officialguides.com\/europe\/italy\/florence\/licensed-guides-private-tours-florence\/\">angolul<\/a>, <a href=\"https:\/\/officialguides.com\/de\/europa\/italien\/florenz\/lizenzierte-stadtfuehrer-privatfuehrungen-florenz\/\">n\u00e9met\u00fcl<\/a> \u00e9s <a href=\"https:\/\/officialguides.com\/sk\/europa\/taliansko\/florence\/licencovani-sprievodcovia-sukromne-prehliadky-florencia\/\">szlov\u00e1kul<\/a><\/em><\/li>\n<\/ul>\n<\/details>\n<div class=\"ptr-cta\">\n<h2>K\u00e9szen \u00e1ll, hogy besz\u00e9ljen egy licencelt magyar nyelv\u0171 idegenvezet\u0151vel?<\/h2>\n<p>G\u00f6rgessen vissza az idegenvezet\u0151i profilokhoz, vagy ugorjon oda k\u00f6zvetlen\u00fcl. Minden idegenvezet\u0151 felsorolja szakter\u00fcleteit, nyelveit \u00e9s el\u00e9rhet\u0151s\u00e9g\u00e9t. Kattintson b\u00e1rmelyik profilon a <strong>Chat Now<\/strong> gombra az id\u0151pont egyeztet\u00e9s\u00e9hez \u00e9s az \u00e1raj\u00e1nlat k\u00e9r\u00e9s\u00e9hez.<\/p>\n<p><a class=\"ptr-btn\" href=\"#florence-guides\">Idegenvezet\u0151i profilok megtekint\u00e9se \u2191<\/a><\/p>\n<\/div>\n<\/div>\n","protected":false},"excerpt":{"rendered":"<p>\ud83d\udd50 Friss\u00edtve: 2026. m\u00e1rcius \u00a0\u00b7\u00a0 \ud83d\udccd Firenze, Toszk\u00e1na, Olaszorsz\u00e1g \u2726 Gyors v\u00e1lasz: Egy licencelt idegenvezet\u0151 Firenz\u00e9ben \u00e1ltal\u00e1ban 180 \u20ac \u00e9s 320 \u20ac k\u00f6z\u00f6tti fix csoportd\u00edjat sz\u00e1m\u00edt fel egy f\u00e9lnapos vagy eg\u00e9sz napos t\u00far\u00e1\u00e9rt \u2013 nem fejenk\u00e9nt. \u00d6n v\u00e1lasztja meg a temp\u00f3t, a meg\u00e1ll\u00f3kat \u00e9s a f\u00f3kuszt. A m\u00fazeumi jegyeket \u00e1ltal\u00e1ban az idegenvezet\u0151 int\u00e9zi, de k\u00fcl\u00f6n &#8230; <a title=\"No any tour guide listed yet\" class=\"read-more\" href=\"https:\/\/officialguides.com\/hu\/guides\/no-any-tour-guide-listed-yet\/\" aria-label=\"Read more about No any tour guide listed yet\">Olvass tov\u00e1bb<\/a><\/p>\n","protected":false},"author":3,"featured_media":401309,"comment_status":"open","ping_status":"open","sticky":false,"template":"","format":"standard","meta":{"_acf_changed":false,"footnotes":""},"categories":[685],"tags":[],"class_list":["post-401611","post","type-post","status-publish","format-standard","has-post-thumbnail","hentry","category-firenze"],"acf":[],"yoast_head":"<!-- This site is optimized with the Yoast SEO plugin v27.4 - https:\/\/yoast.com\/product\/yoast-seo-wordpress\/ -->\n<title>Licencelt idegenvezet\u0151k Firenz\u00e9ben \u2014 Priv\u00e1t t\u00far\u00e1k magyarul<\/title>\n<meta name=\"description\" content=\"Priv\u00e1t t\u00fara Firenz\u00e9ben magyarul: val\u00f3s \u00e1rak, p\u00e9lda \u00fatvonalak, soron k\u00edv\u00fcli bejut\u00e1s \u00e9s k\u00f6zvetlen kapcsolat licencelt idegenvezet\u0151kkel \u2014 friss\u00edtve 2026.\" \/>\n<meta name=\"robots\" content=\"index, follow, max-snippet:-1, max-image-preview:large, max-video-preview:-1\" \/>\n<link rel=\"canonical\" href=\"https:\/\/officialguides.com\/hu\/europa\/olaszorszag\/firenze\/licencelt-idegenvezetok-privat-turak-firenze\/\" \/>\n<meta property=\"og:locale\" content=\"hu_HU\" \/>\n<meta property=\"og:type\" content=\"article\" \/>\n<meta property=\"og:title\" content=\"Licencelt idegenvezet\u0151k Firenz\u00e9ben \u2014 Priv\u00e1t t\u00far\u00e1k magyarul\" \/>\n<meta property=\"og:description\" content=\"Priv\u00e1t t\u00fara Firenz\u00e9ben magyarul: val\u00f3s \u00e1rak, p\u00e9lda \u00fatvonalak, soron k\u00edv\u00fcli bejut\u00e1s \u00e9s k\u00f6zvetlen kapcsolat licencelt idegenvezet\u0151kkel \u2014 friss\u00edtve 2026.\" \/>\n<meta property=\"og:url\" content=\"https:\/\/officialguides.com\/hu\/europa\/olaszorszag\/firenze\/licencelt-idegenvezetok-privat-turak-firenze\/\" \/>\n<meta property=\"og:site_name\" content=\"Find Your Private Tour Guide Around The World!\" \/>\n<meta property=\"article:author\" content=\"https:\/\/facebook.com\/yusuf_sipahi\" \/>\n<meta property=\"article:published_time\" content=\"2026-04-02T21:50:49+00:00\" \/>\n<meta property=\"article:modified_time\" content=\"2026-04-04T14:14:31+00:00\" \/>\n<meta property=\"og:image\" content=\"https:\/\/officialguides.com\/wp-content\/uploads\/2026\/03\/private-guides-tours-florence-panorama-rotated.jpg\" \/>\n\t<meta property=\"og:image:width\" content=\"1024\" \/>\n\t<meta property=\"og:image:height\" content=\"576\" \/>\n\t<meta property=\"og:image:type\" content=\"image\/jpeg\" \/>\n<meta name=\"author\" content=\"OG\" \/>\n<meta name=\"twitter:card\" content=\"summary_large_image\" \/>\n<meta name=\"twitter:label1\" content=\"Szerz\u0151:\" \/>\n\t<meta name=\"twitter:data1\" content=\"OG\" \/>\n\t<meta name=\"twitter:label2\" content=\"Becs\u00fclt olvas\u00e1si id\u0151\" \/>\n\t<meta name=\"twitter:data2\" content=\"11 perc\" \/>\n<script type=\"application\/ld+json\" class=\"yoast-schema-graph\">{\"@context\":\"https:\\\/\\\/schema.org\",\"@graph\":[{\"@type\":\"Article\",\"@id\":\"https:\\\/\\\/officialguides.com\\\/hu\\\/europa\\\/olaszorszag\\\/firenze\\\/licencelt-idegenvezetok-privat-turak-firenze\\\/#article\",\"isPartOf\":{\"@id\":\"https:\\\/\\\/officialguides.com\\\/hu\\\/europa\\\/olaszorszag\\\/firenze\\\/licencelt-idegenvezetok-privat-turak-firenze\\\/\"},\"author\":{\"name\":\"OG\",\"@id\":\"https:\\\/\\\/officialguides.com\\\/hu\\\/#\\\/schema\\\/person\\\/a51050a718e9b3200cf5e1435d15b23e\"},\"headline\":\"Licencelt Idegenvezet\u0151k Firenz\u00e9ben \u2014 Priv\u00e1t T\u00far\u00e1k magyarul\",\"datePublished\":\"2026-04-02T21:50:49+00:00\",\"dateModified\":\"2026-04-04T14:14:31+00:00\",\"mainEntityOfPage\":{\"@id\":\"https:\\\/\\\/officialguides.com\\\/hu\\\/europa\\\/olaszorszag\\\/firenze\\\/licencelt-idegenvezetok-privat-turak-firenze\\\/\"},\"wordCount\":3495,\"commentCount\":0,\"image\":{\"@id\":\"https:\\\/\\\/officialguides.com\\\/hu\\\/europa\\\/olaszorszag\\\/firenze\\\/licencelt-idegenvezetok-privat-turak-firenze\\\/#primaryimage\"},\"thumbnailUrl\":\"https:\\\/\\\/officialguides.com\\\/wp-content\\\/uploads\\\/2026\\\/03\\\/private-guides-tours-florence-panorama-rotated.jpg\",\"articleSection\":[\"Firenze\"],\"inLanguage\":\"hu\"},{\"@type\":\"WebPage\",\"@id\":\"https:\\\/\\\/officialguides.com\\\/hu\\\/europa\\\/olaszorszag\\\/firenze\\\/licencelt-idegenvezetok-privat-turak-firenze\\\/\",\"url\":\"https:\\\/\\\/officialguides.com\\\/hu\\\/europa\\\/olaszorszag\\\/firenze\\\/licencelt-idegenvezetok-privat-turak-firenze\\\/\",\"name\":\"Licencelt idegenvezet\u0151k Firenz\u00e9ben \u2014 Priv\u00e1t t\u00far\u00e1k magyarul\",\"isPartOf\":{\"@id\":\"https:\\\/\\\/officialguides.com\\\/hu\\\/#website\"},\"primaryImageOfPage\":{\"@id\":\"https:\\\/\\\/officialguides.com\\\/hu\\\/europa\\\/olaszorszag\\\/firenze\\\/licencelt-idegenvezetok-privat-turak-firenze\\\/#primaryimage\"},\"image\":{\"@id\":\"https:\\\/\\\/officialguides.com\\\/hu\\\/europa\\\/olaszorszag\\\/firenze\\\/licencelt-idegenvezetok-privat-turak-firenze\\\/#primaryimage\"},\"thumbnailUrl\":\"https:\\\/\\\/officialguides.com\\\/wp-content\\\/uploads\\\/2026\\\/03\\\/private-guides-tours-florence-panorama-rotated.jpg\",\"datePublished\":\"2026-04-02T21:50:49+00:00\",\"dateModified\":\"2026-04-04T14:14:31+00:00\",\"author\":{\"@id\":\"https:\\\/\\\/officialguides.com\\\/hu\\\/#\\\/schema\\\/person\\\/a51050a718e9b3200cf5e1435d15b23e\"},\"description\":\"Priv\u00e1t t\u00fara Firenz\u00e9ben magyarul: val\u00f3s \u00e1rak, p\u00e9lda \u00fatvonalak, soron k\u00edv\u00fcli bejut\u00e1s \u00e9s k\u00f6zvetlen kapcsolat licencelt idegenvezet\u0151kkel \u2014 friss\u00edtve 2026.\",\"breadcrumb\":{\"@id\":\"https:\\\/\\\/officialguides.com\\\/hu\\\/europa\\\/olaszorszag\\\/firenze\\\/licencelt-idegenvezetok-privat-turak-firenze\\\/#breadcrumb\"},\"inLanguage\":\"hu\",\"potentialAction\":[{\"@type\":\"ReadAction\",\"target\":[\"https:\\\/\\\/officialguides.com\\\/hu\\\/europa\\\/olaszorszag\\\/firenze\\\/licencelt-idegenvezetok-privat-turak-firenze\\\/\"]}]},{\"@type\":\"ImageObject\",\"inLanguage\":\"hu\",\"@id\":\"https:\\\/\\\/officialguides.com\\\/hu\\\/europa\\\/olaszorszag\\\/firenze\\\/licencelt-idegenvezetok-privat-turak-firenze\\\/#primaryimage\",\"url\":\"https:\\\/\\\/officialguides.com\\\/wp-content\\\/uploads\\\/2026\\\/03\\\/private-guides-tours-florence-panorama-rotated.jpg\",\"contentUrl\":\"https:\\\/\\\/officialguides.com\\\/wp-content\\\/uploads\\\/2026\\\/03\\\/private-guides-tours-florence-panorama-rotated.jpg\",\"width\":1024,\"height\":576,\"caption\":\"Firenze panor\u00e1ma a D\u00f3mmal, a Ponte Vecchi\u00f3val \u00e9s az Arno foly\u00f3val\"},{\"@type\":\"BreadcrumbList\",\"@id\":\"https:\\\/\\\/officialguides.com\\\/hu\\\/europa\\\/olaszorszag\\\/firenze\\\/licencelt-idegenvezetok-privat-turak-firenze\\\/#breadcrumb\",\"itemListElement\":[{\"@type\":\"ListItem\",\"position\":1,\"name\":\"Home\",\"item\":\"https:\\\/\\\/officialguides.com\\\/hu\\\/\"},{\"@type\":\"ListItem\",\"position\":2,\"name\":\"Licencelt Idegenvezet\u0151k Firenz\u00e9ben \u2014 Priv\u00e1t T\u00far\u00e1k magyarul\"}]},{\"@type\":\"WebSite\",\"@id\":\"https:\\\/\\\/officialguides.com\\\/hu\\\/#website\",\"url\":\"https:\\\/\\\/officialguides.com\\\/hu\\\/\",\"name\":\"Official Tour Guides Around The World! Istanbul, Paris, Rome, Dubai...\",\"description\":\"Explore cities and popular destinations with professional, official, certified tour guides\",\"alternateName\":\"Official Guides\",\"potentialAction\":[{\"@type\":\"SearchAction\",\"target\":{\"@type\":\"EntryPoint\",\"urlTemplate\":\"https:\\\/\\\/officialguides.com\\\/hu\\\/?s={search_term_string}\"},\"query-input\":{\"@type\":\"PropertyValueSpecification\",\"valueRequired\":true,\"valueName\":\"search_term_string\"}}],\"inLanguage\":\"hu\"},{\"@type\":\"Person\",\"@id\":\"https:\\\/\\\/officialguides.com\\\/hu\\\/#\\\/schema\\\/person\\\/a51050a718e9b3200cf5e1435d15b23e\",\"name\":\"OG\",\"image\":{\"@type\":\"ImageObject\",\"inLanguage\":\"hu\",\"@id\":\"https:\\\/\\\/officialguides.com\\\/wp-content\\\/litespeed\\\/avatar\\\/3c75750ce01f0e4166360e4f4a2083e7.jpg?ver=1777123855\",\"url\":\"https:\\\/\\\/officialguides.com\\\/wp-content\\\/litespeed\\\/avatar\\\/3c75750ce01f0e4166360e4f4a2083e7.jpg?ver=1777123855\",\"contentUrl\":\"https:\\\/\\\/officialguides.com\\\/wp-content\\\/litespeed\\\/avatar\\\/3c75750ce01f0e4166360e4f4a2083e7.jpg?ver=1777123855\",\"caption\":\"OG\"},\"description\":\"Here are the details about Yusuf Sipahi, one of the authors featured on this website: EDUCATION Istanbul University, Faculty of Letters, Department of Eastern Languages and Literature, Arabic Language and Literature Escuela de Espa\u00f1a, Salamanca, Spain Istanbul University, Faculty of Economics, Tourism and Hotel Management Program Cappadocia University, Department of Tourist Guidance PROFESSIONAL EXPERIENCE Reservation Department, Pera Palace Hotel Outgoing Tours Department, Asya Tur Travel Agency Outgoing Tours Department, Varan Tur Travel Agency International Cruise Tour Guide (Costa, MSC, Royal Caribbean), Ets Tur Travel Agency International Cruise and Land Tours Guide (Costa, MSC, Royal Caribbean) at Pronto Tur Travel Agency, focusing on destinations such as Spain, Italy, France, Portugal, Norway, Sweden, Germany, Greece, Turkey, Russia, Denmark, the Netherlands, the Caribbean, and the United Arab Emirates. Guide for Turkey and International Cruise Tours (MSC), Setur Travel Agency Professional tourist guide in Istanbul, specializing in cultural, historical, and gastronomi tours Delegate of the Istanbul Chamber of Tour Guides (\u0130RO), from 2022-2025 and 2025-2028 PUBLICATIONS Kos Island Tourist Guide Book\",\"sameAs\":[\"https:\\\/\\\/facebook.com\\\/yusuf_sipahi\",\"https:\\\/\\\/www.instagram.com\\\/yusufsipahi_\",\"https:\\\/\\\/www.linkedin.com\\\/in\\\/yusuf-sipahi-5a41b6219\\\/\"]}]}<\/script>\n<!-- \/ Yoast SEO plugin. -->","yoast_head_json":{"title":"Licencelt idegenvezet\u0151k Firenz\u00e9ben \u2014 Priv\u00e1t t\u00far\u00e1k magyarul","description":"Priv\u00e1t t\u00fara Firenz\u00e9ben magyarul: val\u00f3s \u00e1rak, p\u00e9lda \u00fatvonalak, soron k\u00edv\u00fcli bejut\u00e1s \u00e9s k\u00f6zvetlen kapcsolat licencelt idegenvezet\u0151kkel \u2014 friss\u00edtve 2026.","robots":{"index":"index","follow":"follow","max-snippet":"max-snippet:-1","max-image-preview":"max-image-preview:large","max-video-preview":"max-video-preview:-1"},"canonical":"https:\/\/officialguides.com\/hu\/europa\/olaszorszag\/firenze\/licencelt-idegenvezetok-privat-turak-firenze\/","og_locale":"hu_HU","og_type":"article","og_title":"Licencelt idegenvezet\u0151k Firenz\u00e9ben \u2014 Priv\u00e1t t\u00far\u00e1k magyarul","og_description":"Priv\u00e1t t\u00fara Firenz\u00e9ben magyarul: val\u00f3s \u00e1rak, p\u00e9lda \u00fatvonalak, soron k\u00edv\u00fcli bejut\u00e1s \u00e9s k\u00f6zvetlen kapcsolat licencelt idegenvezet\u0151kkel \u2014 friss\u00edtve 2026.","og_url":"https:\/\/officialguides.com\/hu\/europa\/olaszorszag\/firenze\/licencelt-idegenvezetok-privat-turak-firenze\/","og_site_name":"Find Your Private Tour Guide Around The World!","article_author":"https:\/\/facebook.com\/yusuf_sipahi","article_published_time":"2026-04-02T21:50:49+00:00","article_modified_time":"2026-04-04T14:14:31+00:00","og_image":[{"width":1024,"height":576,"url":"https:\/\/officialguides.com\/wp-content\/uploads\/2026\/03\/private-guides-tours-florence-panorama-rotated.jpg","type":"image\/jpeg"}],"author":"OG","twitter_card":"summary_large_image","twitter_misc":{"Szerz\u0151:":"OG","Becs\u00fclt olvas\u00e1si id\u0151":"11 perc"},"schema":{"@context":"https:\/\/schema.org","@graph":[{"@type":"Article","@id":"https:\/\/officialguides.com\/hu\/europa\/olaszorszag\/firenze\/licencelt-idegenvezetok-privat-turak-firenze\/#article","isPartOf":{"@id":"https:\/\/officialguides.com\/hu\/europa\/olaszorszag\/firenze\/licencelt-idegenvezetok-privat-turak-firenze\/"},"author":{"name":"OG","@id":"https:\/\/officialguides.com\/hu\/#\/schema\/person\/a51050a718e9b3200cf5e1435d15b23e"},"headline":"Licencelt Idegenvezet\u0151k Firenz\u00e9ben \u2014 Priv\u00e1t T\u00far\u00e1k magyarul","datePublished":"2026-04-02T21:50:49+00:00","dateModified":"2026-04-04T14:14:31+00:00","mainEntityOfPage":{"@id":"https:\/\/officialguides.com\/hu\/europa\/olaszorszag\/firenze\/licencelt-idegenvezetok-privat-turak-firenze\/"},"wordCount":3495,"commentCount":0,"image":{"@id":"https:\/\/officialguides.com\/hu\/europa\/olaszorszag\/firenze\/licencelt-idegenvezetok-privat-turak-firenze\/#primaryimage"},"thumbnailUrl":"https:\/\/officialguides.com\/wp-content\/uploads\/2026\/03\/private-guides-tours-florence-panorama-rotated.jpg","articleSection":["Firenze"],"inLanguage":"hu"},{"@type":"WebPage","@id":"https:\/\/officialguides.com\/hu\/europa\/olaszorszag\/firenze\/licencelt-idegenvezetok-privat-turak-firenze\/","url":"https:\/\/officialguides.com\/hu\/europa\/olaszorszag\/firenze\/licencelt-idegenvezetok-privat-turak-firenze\/","name":"Licencelt idegenvezet\u0151k Firenz\u00e9ben \u2014 Priv\u00e1t t\u00far\u00e1k magyarul","isPartOf":{"@id":"https:\/\/officialguides.com\/hu\/#website"},"primaryImageOfPage":{"@id":"https:\/\/officialguides.com\/hu\/europa\/olaszorszag\/firenze\/licencelt-idegenvezetok-privat-turak-firenze\/#primaryimage"},"image":{"@id":"https:\/\/officialguides.com\/hu\/europa\/olaszorszag\/firenze\/licencelt-idegenvezetok-privat-turak-firenze\/#primaryimage"},"thumbnailUrl":"https:\/\/officialguides.com\/wp-content\/uploads\/2026\/03\/private-guides-tours-florence-panorama-rotated.jpg","datePublished":"2026-04-02T21:50:49+00:00","dateModified":"2026-04-04T14:14:31+00:00","author":{"@id":"https:\/\/officialguides.com\/hu\/#\/schema\/person\/a51050a718e9b3200cf5e1435d15b23e"},"description":"Priv\u00e1t t\u00fara Firenz\u00e9ben magyarul: val\u00f3s \u00e1rak, p\u00e9lda \u00fatvonalak, soron k\u00edv\u00fcli bejut\u00e1s \u00e9s k\u00f6zvetlen kapcsolat licencelt idegenvezet\u0151kkel \u2014 friss\u00edtve 2026.","breadcrumb":{"@id":"https:\/\/officialguides.com\/hu\/europa\/olaszorszag\/firenze\/licencelt-idegenvezetok-privat-turak-firenze\/#breadcrumb"},"inLanguage":"hu","potentialAction":[{"@type":"ReadAction","target":["https:\/\/officialguides.com\/hu\/europa\/olaszorszag\/firenze\/licencelt-idegenvezetok-privat-turak-firenze\/"]}]},{"@type":"ImageObject","inLanguage":"hu","@id":"https:\/\/officialguides.com\/hu\/europa\/olaszorszag\/firenze\/licencelt-idegenvezetok-privat-turak-firenze\/#primaryimage","url":"https:\/\/officialguides.com\/wp-content\/uploads\/2026\/03\/private-guides-tours-florence-panorama-rotated.jpg","contentUrl":"https:\/\/officialguides.com\/wp-content\/uploads\/2026\/03\/private-guides-tours-florence-panorama-rotated.jpg","width":1024,"height":576,"caption":"Firenze panor\u00e1ma a D\u00f3mmal, a Ponte Vecchi\u00f3val \u00e9s az Arno foly\u00f3val"},{"@type":"BreadcrumbList","@id":"https:\/\/officialguides.com\/hu\/europa\/olaszorszag\/firenze\/licencelt-idegenvezetok-privat-turak-firenze\/#breadcrumb","itemListElement":[{"@type":"ListItem","position":1,"name":"Home","item":"https:\/\/officialguides.com\/hu\/"},{"@type":"ListItem","position":2,"name":"Licencelt Idegenvezet\u0151k Firenz\u00e9ben \u2014 Priv\u00e1t T\u00far\u00e1k magyarul"}]},{"@type":"WebSite","@id":"https:\/\/officialguides.com\/hu\/#website","url":"https:\/\/officialguides.com\/hu\/","name":"Official Tour Guides Around The World! Istanbul, Paris, Rome, Dubai...","description":"Explore cities and popular destinations with professional, official, certified tour guides","alternateName":"Official Guides","potentialAction":[{"@type":"SearchAction","target":{"@type":"EntryPoint","urlTemplate":"https:\/\/officialguides.com\/hu\/?s={search_term_string}"},"query-input":{"@type":"PropertyValueSpecification","valueRequired":true,"valueName":"search_term_string"}}],"inLanguage":"hu"},{"@type":"Person","@id":"https:\/\/officialguides.com\/hu\/#\/schema\/person\/a51050a718e9b3200cf5e1435d15b23e","name":"OG","image":{"@type":"ImageObject","inLanguage":"hu","@id":"https:\/\/officialguides.com\/wp-content\/litespeed\/avatar\/3c75750ce01f0e4166360e4f4a2083e7.jpg?ver=1777123855","url":"https:\/\/officialguides.com\/wp-content\/litespeed\/avatar\/3c75750ce01f0e4166360e4f4a2083e7.jpg?ver=1777123855","contentUrl":"https:\/\/officialguides.com\/wp-content\/litespeed\/avatar\/3c75750ce01f0e4166360e4f4a2083e7.jpg?ver=1777123855","caption":"OG"},"description":"Here are the details about Yusuf Sipahi, one of the authors featured on this website: EDUCATION Istanbul University, Faculty of Letters, Department of Eastern Languages and Literature, Arabic Language and Literature Escuela de Espa\u00f1a, Salamanca, Spain Istanbul University, Faculty of Economics, Tourism and Hotel Management Program Cappadocia University, Department of Tourist Guidance PROFESSIONAL EXPERIENCE Reservation Department, Pera Palace Hotel Outgoing Tours Department, Asya Tur Travel Agency Outgoing Tours Department, Varan Tur Travel Agency International Cruise Tour Guide (Costa, MSC, Royal Caribbean), Ets Tur Travel Agency International Cruise and Land Tours Guide (Costa, MSC, Royal Caribbean) at Pronto Tur Travel Agency, focusing on destinations such as Spain, Italy, France, Portugal, Norway, Sweden, Germany, Greece, Turkey, Russia, Denmark, the Netherlands, the Caribbean, and the United Arab Emirates. Guide for Turkey and International Cruise Tours (MSC), Setur Travel Agency Professional tourist guide in Istanbul, specializing in cultural, historical, and gastronomi tours Delegate of the Istanbul Chamber of Tour Guides (\u0130RO), from 2022-2025 and 2025-2028 PUBLICATIONS Kos Island Tourist Guide Book","sameAs":["https:\/\/facebook.com\/yusuf_sipahi","https:\/\/www.instagram.com\/yusufsipahi_","https:\/\/www.linkedin.com\/in\/yusuf-sipahi-5a41b6219\/"]}]}},"_links":{"self":[{"href":"https:\/\/officialguides.com\/hu\/wp-json\/wp\/v2\/posts\/401611","targetHints":{"allow":["GET"]}}],"collection":[{"href":"https:\/\/officialguides.com\/hu\/wp-json\/wp\/v2\/posts"}],"about":[{"href":"https:\/\/officialguides.com\/hu\/wp-json\/wp\/v2\/types\/post"}],"author":[{"embeddable":true,"href":"https:\/\/officialguides.com\/hu\/wp-json\/wp\/v2\/users\/3"}],"replies":[{"embeddable":true,"href":"https:\/\/officialguides.com\/hu\/wp-json\/wp\/v2\/comments?post=401611"}],"version-history":[{"count":2,"href":"https:\/\/officialguides.com\/hu\/wp-json\/wp\/v2\/posts\/401611\/revisions"}],"predecessor-version":[{"id":401633,"href":"https:\/\/officialguides.com\/hu\/wp-json\/wp\/v2\/posts\/401611\/revisions\/401633"}],"wp:featuredmedia":[{"embeddable":true,"href":"https:\/\/officialguides.com\/hu\/wp-json\/wp\/v2\/media\/401309"}],"wp:attachment":[{"href":"https:\/\/officialguides.com\/hu\/wp-json\/wp\/v2\/media?parent=401611"}],"wp:term":[{"taxonomy":"category","embeddable":true,"href":"https:\/\/officialguides.com\/hu\/wp-json\/wp\/v2\/categories?post=401611"},{"taxonomy":"post_tag","embeddable":true,"href":"https:\/\/officialguides.com\/hu\/wp-json\/wp\/v2\/tags?post=401611"}],"curies":[{"name":"wp","href":"https:\/\/api.w.org\/{rel}","templated":true}]}}