{"id":399781,"date":"2026-03-08T18:15:38","date_gmt":"2026-03-08T15:15:38","guid":{"rendered":"https:\/\/officialguides.com\/uncategorized-hu\/maganidegenvezetes-romaban-magyarul\/"},"modified":"2026-03-25T22:39:48","modified_gmt":"2026-03-25T19:39:48","slug":"maganidegenvezetes-romaban-magyarul","status":"publish","type":"post","link":"https:\/\/officialguides.com\/hu\/europa\/olaszorszag\/roma\/maganidegenvezetes-romaban-magyarul\/","title":{"rendered":"Mag\u00e1nidegenvezet\u00e9s R\u00f3m\u00e1ban Magyarul"},"content":{"rendered":"<p><strong style=\"font-size: inherit;\" data-start=\"245\" data-end=\"386\">Hogyan tervezheti meg r\u00f3mai l\u00e1togat\u00e1s\u00e1t az \u00d6n ig\u00e9nyei szerint \u2014 a saj\u00e1t temp\u00f3j\u00e1ban, a saj\u00e1t nyelv\u00e9n, nagy csoportok \u00e9s k\u00f6zvet\u00edt\u0151k n\u00e9lk\u00fcl.<\/strong><\/p>\n<div>\n<p data-start=\"388\" data-end=\"724\"><strong data-start=\"388\" data-end=\"410\">Err\u0151l az oldalr\u00f3l:<\/strong> Ez az oldal t\u00e1j\u00e9koztat\u00f3 jelleg\u0171, nem foglal\u00e1si rendszer. <em><a href=\"https:\/\/officialguides.com\/hu\/europa\/olaszorszag\/roma\/magyar-idegenvezeto-roma\/\" target=\"_blank\" rel=\"noopener\">Az itt bemutatott idegenvezet\u0151k<\/a><\/em> f\u00fcggetlen szakemberek, hivatalos olasz enged\u00e9llyel. K\u00f6zvetlen\u00fcl vel\u00fck veheti fel a kapcsolatot, egy\u00fctt egyeztetik a programot, \u00e9s a d\u00edjat is k\u00f6zvetlen\u00fcl az idegenvezet\u0151nek fizeti. Nincs iroda, nincs k\u00f6zvet\u00edt\u0151, nincs jutal\u00e9k.<\/p>\n<\/div>\n<div class=\"ptr-wrap\">\n<figure style=\"width: 690px\" class=\"wp-caption aligncenter\"><img decoding=\"async\" src=\"https:\/\/officialguides.com\/wp-content\/uploads\/2026\/03\/colosseum-private-guided-tour-rome-ancient-rome.jpg\" alt=\"A r\u00f3mai Colosseum utca szintj\u00e9r\u0151l f\u00e9nyk\u00e9pezve \u2014 a vil\u00e1g legnagyobb \u00f3kori amfite\u00e1truma \u00e9s minden \u00f3kori R\u00f3m\u00e1ban tett mag\u00e1nvezet\u00e9ses t\u00fara k\u00f6z\u00e9ppontja\" width=\"700\" height=\"454\" \/><figcaption class=\"wp-caption-text\">Colosseum. Minden r\u00f3mai l\u00e1togat\u00e1s itt kezd\u0151dik \u2014 a k\u00e9rd\u00e9s az, hogyan \u00e9li meg igaz\u00e1n.<\/figcaption><\/figure>\n<p data-start=\"224\" data-end=\"627\">R\u00f3ma a vil\u00e1g egyik legl\u00e1togatottabb v\u00e1rosa, \u00e9s egyben az a hely, ahonnan sok l\u00e1togat\u00f3 \u00fagy t\u00e1vozik, hogy csup\u00e1n a felsz\u00edn\u00e9t l\u00e1tta. A nagy csoportos utakon az ember m\u00e1sok temp\u00f3j\u00e1t k\u00f6veti: ott \u00e1ll meg, ahol a busz meg\u00e1ll, \u00e9s a nap v\u00e9g\u00e9re ink\u00e1bb f\u00e1radtnak \u00e9rzi mag\u00e1t, mint gazdagabbnak. Egy\u00e9ni s\u00e9t\u00e1n ugyan megvan a szabads\u00e1g, de hi\u00e1nyzik az a h\u00e1tt\u00e9rtud\u00e1s, amely \u00e9rtelmezhet\u0151v\u00e9 teszi a v\u00e1rosban l\u00e1tottakat.<\/p>\n<p data-start=\"629\" data-end=\"1240\">A <strong>magyar nyelv\u0171 mag\u00e1nidegenvezet\u00e9s R\u00f3m\u00e1ban<\/strong> egyszerre oldja meg mindk\u00e9t probl\u00e9m\u00e1t. A saj\u00e1t ritmus\u00e1ban mozoghat, azt n\u00e9zheti meg, ami val\u00f3ban \u00e9rdekli, \u00e9s mindek\u00f6zben valaki magyarul magyar\u00e1z val\u00f3s id\u0151ben. A k\u00fcl\u00f6nbs\u00e9g egy \u00e1tlagos r\u00f3mai nap \u00e9s egy olyan k\u00f6z\u00f6tt, amelyre \u00e9vekkel k\u00e9s\u0151bb is eml\u00e9kezni fogunk, gyakran egyetlen dologt\u00f3l f\u00fcgg: kit\u0151l hallotta a t\u00f6rt\u00e9neteket. Az ezen az oldalon szerepl\u0151 idegenvezet\u0151k mind hivatalos enged\u00e9llyel rendelkez\u0151, \u00f6n\u00e1ll\u00f3an dolgoz\u00f3 szakemberek \u2014 <em><a href=\"https:\/\/officialguides.com\/hu\/europa\/olaszorszag\/roma\/magyar-idegenvezeto-roma\/\" target=\"_blank\" rel=\"noopener\">az idegenvezet\u0151 oldalon megtekintheti profiljukat<\/a><\/em>, szakter\u00fcleteiket \u00e9s nyelvtud\u00e1sukat, \u00e9s k\u00f6zvetlen\u00fcl felveheti vel\u00fck a kapcsolatot.<\/p>\n<h2>Mit \u00e9rdemes beilleszteni a programba<\/h2>\n<p>Az \u0151szinte v\u00e1lasz: att\u00f3l f\u00fcgg, mennyi ideje van, \u00e9s mi \u00e9rdekli. <strong data-start=\"245\" data-end=\"296\">R\u00f3ma a m\u00e9lys\u00e9get jutalmazza, nem a mennyis\u00e9get.<\/strong> K\u00e9t hely, amelyet alaposan megn\u00e9z, sokkal tov\u00e1bb marad meg az eml\u00e9kezetben, mint hat, amelyen \u00e1trohan. Az al\u00e1bbiakban a legt\u00f6bb program magj\u00e1t alkot\u00f3 f\u0151bb helysz\u00ednek szerepelnek \u2014 \u00e9s n\u00e9h\u00e1ny, amelyet sokan kihagynak, holott <strong data-start=\"520\" data-end=\"550\">meg\u00e9rdemeln\u00e9k a figyelmet.<\/strong><\/p>\n<h3>Colosseum, Forum Romanum \u00e9s Palatinus-domb<\/h3>\n<p data-start=\"604\" data-end=\"1261\">Mindh\u00e1rom egyetlen kombin\u00e1lt bel\u00e9p\u0151jeggyel l\u00e1togathat\u00f3, \u00e9s <strong data-start=\"663\" data-end=\"741\">term\u00e9szetes magj\u00e1t k\u00e9pezik b\u00e1rmely r\u00f3mai r\u00e9g\u00e9szeti mag\u00e1ns\u00e9ta programj\u00e1nak.<\/strong> A <strong data-start=\"744\" data-end=\"757\">Colosseum<\/strong> \u00f6nmag\u00e1ban k\u00f6nnyen felem\u00e9szt 90 percet, ha mellette valaki elmagyar\u00e1zza, amit l\u00e1t \u2014 az \u00e9p\u00edt\u00e9szetet, a t\u00e1rsadalomt\u00f6rt\u00e9netet, az \u00e9p\u00fclet h\u00e9tk\u00f6znapi val\u00f3s\u00e1g\u00e1t. A <strong data-start=\"915\" data-end=\"932\">Forum Romanum<\/strong> id\u0151ben r\u00e9gebbi \u00e9s \u00e9p\u00edt\u00e9szetileg sz\u00e9tsz\u00f3rtabb \u2014 \u00fatmutat\u00e1s n\u00e9lk\u00fcl neh\u00e9z \u201eolvasni\u201d. Magyar nyelv\u0171 magyar\u00e1zattal azonban <strong data-start=\"1050\" data-end=\"1091\">R\u00f3ma egyik legelm\u00e9ly\u00fcltebb k\u00e9t \u00f3r\u00e1j\u00e1t<\/strong> ny\u00fajthatja. A <strong data-start=\"1106\" data-end=\"1124\">Palatinus-domb<\/strong> k\u00f6zvetlen\u00fcl a F\u00f3rum felett emelkedik, a r\u00f3mai arisztokr\u00e1cia egykori lakhelye \u2014 a kil\u00e1t\u00e1s onnan m\u00e1r <strong data-start=\"1224\" data-end=\"1259\">\u00f6nmag\u00e1ban meg\u00e9ri a fels\u00e9t\u00e1l\u00e1st.<\/strong><\/p>\n<figure style=\"width: 690px\" class=\"wp-caption aligncenter\"><img decoding=\"async\" src=\"https:\/\/officialguides.com\/wp-content\/uploads\/2026\/03\/roman-forum-private-guided-tour-ancient-rome-colosseum.jpg\" alt=\"A R\u00f3mai F\u00f3rum Castor \u00e9s Pollux templom\u00e1val az el\u0151t\u00e9rben \u00e9s a Haza Olt\u00e1r\u00e1val a horizonton \u2014 minden kolosseumot is mag\u00e1ban foglal\u00f3 \u00f3kori R\u00f3m\u00e1ban tett mag\u00e1nvezet\u00e9ses t\u00fara r\u00e9sze\" width=\"700\" height=\"391\" \/><figcaption class=\"wp-caption-text\">Forum Romanum. Magyar\u00e1zat n\u00e9lk\u00fcl romok. Magyar nyelv\u0171 idegenvezet\u0151vel R\u00f3ma egyik legtartalmasabb k\u00e9t \u00f3r\u00e1ja.<\/figcaption><\/figure>\n<p>A Colosseum <strong>ar\u00e9naszintj\u00e9re<\/strong> \u00e9s a <strong>f\u00f6ld alatti folyos\u00f3ira<\/strong> k\u00fcl\u00f6n, id\u0151pontra sz\u00f3l\u00f3 bel\u00e9p\u0151jegy sz\u00fcks\u00e9ges, amely a szezonban hetekkel kor\u00e1bban elfogy. Ha ez szerepel a tervei k\u00f6z\u00f6tt, az els\u0151 kapcsolatfelv\u00e9telkor jelezze az idegenvezet\u0151nek.<\/p>\n<h3>Vatik\u00e1n<\/h3>\n<p>A Vatik\u00e1ni M\u00fazeumok a F\u00f6ld egyik legs\u0171r\u0171bb m\u0171v\u00e9szeti \u00e9s t\u00f6rt\u00e9nelmi gy\u0171jtem\u00e9ny\u00e9t foglalj\u00e1k magukban. A probl\u00e9ma a m\u00e9ret: a legt\u00f6bb l\u00e1togat\u00f3 bel\u00e9p, elv\u00e9sz a termek \u00e9s t\u00e1rgyak tenger\u00e9ben, siet a Sixtus-k\u00e1polna fel\u00e9, \u00e9s kij\u00f6vet val\u00f3j\u00e1ban keveset l\u00e1tott. Valaki, aki ismeri a gy\u0171jtem\u00e9nyt \u00e9s <strong>magyarul magyar\u00e1z<\/strong>, teljesen megv\u00e1ltoztatja az \u00e9lm\u00e9nyt. A <strong>kora reggeli bel\u00e9p\u00e9s<\/strong> \u2014 a napi l\u00e1togat\u00f3i cs\u00facs el\u0151tt \u2014 k\u00fcl\u00f6n\u00f6sen a Sixtus-k\u00e1poln\u00e1n\u00e1l tesz \u00f3ri\u00e1si k\u00fcl\u00f6nbs\u00e9get. Egy j\u00f3l szervezett vatik\u00e1ni l\u00e1togat\u00e1s meg\u00e9r egy \u00f6n\u00e1ll\u00f3 d\u00e9lel\u0151tt\u00f6t vagy d\u00e9lut\u00e1nt, nem \u00e9rdemes sok m\u00e1s helysz\u00ednnel \u00f6sszezs\u00fafolni. <em>T\u00f6megk\u00f6zleked\u00e9s a Vatik\u00e1ni M\u00fazeumokhoz;\u00a0<a href=\"https:\/\/www.atac.roma.it\/en\/home\">ATac<\/a>.<\/em><\/p>\n<figure style=\"width: 690px\" class=\"wp-caption aligncenter\"><img decoding=\"async\" src=\"https:\/\/officialguides.com\/wp-content\/uploads\/2026\/03\/sistine-chapel-ceiling-michelangelo-private-vatican-tour-rome.jpg\" alt=\"Michelangelo mennyezeti fresk\u00f3i a Sixtus-k\u00e1poln\u00e1ban, k\u00f6zt\u00fck \u00c1d\u00e1m teremt\u00e9se \u2014 egy r\u00f3mai Vatik\u00e1ni M\u00fazeumokban tett mag\u00e1nt\u00fara elengedhetetlen cs\u00facspontja\" width=\"700\" height=\"569\" \/><figcaption class=\"wp-caption-text\"><em>Michelangelo n\u00e9gy \u00e9v alatt festette meg ezt a mennyezetet. \u00c1d\u00e1m teremt\u00e9se, az \u00d6z\u00f6nv\u00edz, a B\u0171nbees\u00e9s \u2014 kilenc jelenet a Genezisb\u0151l, 500 n\u00e9gyzetm\u00e9ternyi fresk\u00f3n. A mag\u00e1ns\u00e9ta id\u0151t ad arra, hogy feln\u00e9zzen \u00e9s \u00e9rtse, amit l\u00e1t.<\/em><\/figcaption><\/figure>\n<h3>T\u00f6rt\u00e9nelmi belv\u00e1ros<\/h3>\n<p>Pantheon, Navona t\u00e9r, Campo de&#8217; Fiori, Trevi-k\u00fat \u00e9s a k\u00f6r\u00e9j\u00fck sz\u00f6v\u0151d\u0151 utc\u00e1k \u2014 ezek a legink\u00e1bb gyalogos temp\u00f3ra val\u00f3k. Itt R\u00f3ma \u00e9l\u0151 v\u00e1rosnak hat, nem m\u00fazeumnak. Egy esti s\u00e9ta ezeken az utc\u00e1kon, amikor a f\u00e9ny aranysz\u00edn\u0171v\u00e9 v\u00e1lik \u00e9s a turistat\u00f6meg ritkulni kezd, az \u00d6r\u00f6k V\u00e1ros egyik k\u00f6zvetlen aj\u00e1nd\u00e9ka. A Trevi-k\u00fatn\u00e1l minden r\u00f3mai \u00fatik\u00f6nyv meg\u00e1ll \u2014 szemt\u0151l szemben t\u00e9nyleg meg\u00e9rti az ember, mi\u00e9rt.<\/p>\n<figure style=\"width: 690px\" class=\"wp-caption aligncenter\"><img decoding=\"async\" src=\"https:\/\/officialguides.com\/wp-content\/uploads\/2026\/03\/piazza-navona-fontana-nettuno-private-walking-tour-rome.jpg\" alt=\"A Neptunusz-k\u00fat a Piazza Navonan a Sant'Agnese in Agone templommal \u00e9s a t\u00e9r barokk \u00e9p\u00edt\u00e9szet\u00e9vel \u2014 kulcsfontoss\u00e1g\u00fa meg\u00e1ll\u00f3 R\u00f3ma t\u00f6rt\u00e9nelmi belv\u00e1ros\u00e1nak b\u00e1rmely mag\u00e1n gyalogt\u00far\u00e1j\u00e1n\" width=\"700\" height=\"461\" \/><figcaption class=\"wp-caption-text\"><em>Navona t\u00e9r. R\u00f3ma legink\u00e1bb barokk tere \u2014 naplementekor a legszebb, amikor a f\u00e9ny \u00e9s az \u00e9p\u00edt\u00e9szet egym\u00e1sra tal\u00e1l.<\/em><\/figcaption><\/figure>\n<h2>A mag\u00e1nidegenvezet\u00e9s form\u00e1i R\u00f3m\u00e1ban<\/h2>\n<p>A nagy l\u00e1tv\u00e1nyoss\u00e1gokon t\u00fal R\u00f3m\u00e1t t\u00f6bbf\u00e9lek\u00e9ppen is fel lehet fedezni, att\u00f3l f\u00fcgg\u0151en, mit keres. \u00cdme a f\u0151 lehet\u0151s\u00e9gek.<\/p>\n<div class=\"ptr-types-grid\">\n<div class=\"ptr-type-item\">\n<h3>Gyalogos mag\u00e1ns\u00e9ta<\/h3>\n<p>A legrugalmasabb forma. Hivatalos enged\u00e9llyel rendelkez\u0151 idegenvezet\u0151 gyalogosan, az \u00d6nnek legjobban megfelel\u0151 ter\u00fcletet vagy t\u00e9m\u00e1t lefedve. \u00c1ltal\u00e1ban k\u00e9t-n\u00e9gy \u00f3ra.<\/p>\n<\/div>\n<div class=\"ptr-type-item\">\n<h3>Mag\u00e1nidegenvezet\u00e9s aut\u00f3val<\/h3>\n<p>A t\u00e1volabbi helysz\u00ednek k\u00f6z\u00f6tt mag\u00e1naut\u00f3val k\u00f6zlekednek, az egyes helyeken gyalogosan s\u00e9t\u00e1lnak. Ide\u00e1lis, ha egy nap alatt t\u00f6bb k\u00fcl\u00f6nb\u00f6z\u0151 negyedet szeretne bej\u00e1rni.<\/p>\n<\/div>\n<div class=\"ptr-type-item\">\n<h3>Gasztron\u00f3mia \u00e9s negyedek<\/h3>\n<p>Testaccio piac, Trastevere, a zsid\u00f3 negyed. R\u00f3ma gasztron\u00f3miai kult\u00far\u00e1j\u00e1nak annyi mondanival\u00f3ja van, mint a m\u0171eml\u00e9keinek \u2014 egy gasztros\u00e9t\u00e1n val\u00f3j\u00e1ban kultur\u00e1lis m\u00e9lys\u00e9get is kap.<\/p>\n<\/div>\n<div class=\"ptr-type-item\">\n<h3>Civitavecchia kik\u00f6t\u0151b\u0151l<\/h3>\n<p>Haj\u00f3val \u00e9rkezik? A kik\u00f6t\u0151ben v\u00e1r\u00f3 idegenvezet\u0151 azt jelenti, hogy a napj\u00e1t val\u00f3ban R\u00f3m\u00e1ban t\u00f6lti \u2014 nem a buszon.<\/p>\n<\/div>\n<\/div>\n<h2>Mintaprogramok magyar nyelv\u0171 mag\u00e1nidegenvezet\u00e9shez R\u00f3m\u00e1ban<\/h2>\n<p>Az al\u00e1bbiak kiindul\u00f3pontok, nem k\u00f6t\u00f6tt tervek. Ossza meg az idegenvezet\u0151j\u00e9vel, \u00e9s k\u00e9rje, hogy igaz\u00edtsa a csoport \u00f6sszet\u00e9tel\u00e9hez, \u00e9rdekl\u0151d\u00e9s\u00e9hez \u00e9s a rendelkez\u00e9sre \u00e1ll\u00f3 id\u0151h\u00f6z.<\/p>\n<div class=\"ptr-itinerary\">\n<p class=\"ptr-itinerary-label\">F\u00e9lnap \u00b7 3\u20134 \u00f3ra \u00b7 Els\u0151 r\u00f3mai l\u00e1togat\u00e1s<\/p>\n<h3>\u00d3kori R\u00f3ma: Colosseum, Forum Romanum \u00e9s Palatinus-domb<\/h3>\n<p>Indul\u00e1s a Colosseumn\u00e1l, el\u0151re foglalt bel\u00e9p\u0151jeggyel \u2014 az idegenvezet\u0151 a bej\u00e1ratn\u00e1l v\u00e1r, \u00e9s sorban\u00e1ll\u00e1s n\u00e9lk\u00fcl l\u00e9pnek be. Kb. 75 perc bel\u00fcl, bele\u00e9rtve az ar\u00e9naszintet, ha van hozz\u00e1f\u00e9r\u00e9s. Ezut\u00e1n a Forum Romanum: 45 perc a f\u0151bb eml\u00e9kek bej\u00e1r\u00e1s\u00e1val, azzal a magyar\u00e1zattal, amely a romokat \u00e9rtelmezhet\u0151v\u00e9 teszi. S\u00e9ta fel a Palatinus-dombra z\u00e1r\u00e1sk\u00e9nt \u2014 30 perc, panor\u00e1m\u00e1s kil\u00e1t\u00e1s, j\u00f3val kevesebb l\u00e1togat\u00f3. Teljes gyalogos t\u00e1vols\u00e1g: kb. 3 km.<\/p>\n<\/div>\n<div class=\"ptr-itinerary\">\n<p class=\"ptr-itinerary-label\">F\u00e9lnap \u00b7 3 \u00f3ra \u00b7 M\u0171v\u00e9szet \u00e9s t\u00f6rt\u00e9nelem<\/p>\n<h3>Vatik\u00e1ni M\u00fazeumok \u00e9s Sixtus-k\u00e1polna<\/h3>\n<p>A kora reggeli bel\u00e9p\u00e9s a Vatik\u00e1n megl\u00e1togat\u00e1s\u00e1nak legokosabb d\u00f6nt\u00e9se. Az idegenvezet\u0151 8 el\u0151tt v\u00e1r a m\u00fazeum bej\u00e1rat\u00e1n\u00e1l. T\u00e9rk\u00e9pek Gal\u00e9ri\u00e1ja, Raffaello-termek, Sixtus-k\u00e1polna logikus sorrendben, a napi l\u00e1togat\u00f3i cs\u00facs el\u0151tt. Ha marad energia, v\u00e9g\u00fcl a Szent P\u00e9ter-bazilika \u2014 k\u00fcl\u00f6nben marad egy m\u00e1sik alkalomra. K\u00e9nyelmes cip\u0151 elengedhetetlen: a Vatik\u00e1ni M\u00fazeumok t\u00f6m\u00f6r\u00edtett programmal is sok gyalogl\u00e1st ig\u00e9nyelnek.<\/p>\n<\/div>\n<div class=\"ptr-itinerary\">\n<p class=\"ptr-itinerary-label\">Eg\u00e9sz nap \u00b7 7 \u00f3ra \u00b7 Els\u0151 l\u00e1togat\u00e1s, csak egy nap R\u00f3m\u00e1ban<\/p>\n<h3>R\u00f3ma egy nap alatt: Vatik\u00e1n + \u00f3kori negyed + t\u00f6rt\u00e9nelmi belv\u00e1ros<\/h3>\n<p>Reggel a Vatik\u00e1ni M\u00fazeumok \u00e9s a Sixtus-k\u00e1polna (mindenk\u00e9ppen korai bel\u00e9p\u00e9s). \u00c1tmozg\u00e1s az \u00f3kori negyedbe eb\u00e9d ut\u00e1n. Colosseum \u00e9s Forum Romanum a d\u00e9lut\u00e1n elej\u00e9n. S\u00e9ta a t\u00f6rt\u00e9nelmi belv\u00e1rosban az utols\u00f3 k\u00e9t \u00f3r\u00e1ban: Pantheon, Navona t\u00e9r, Trevi-k\u00fat. Ambici\u00f3zus program \u2014 akkor m\u0171k\u00f6dik j\u00f3l, ha a vatik\u00e1ni \u00e9s a colosseumi bel\u00e9p\u0151jegyek el\u0151re foglaltak, ami minden sorban\u00e1ll\u00e1st kik\u00fcsz\u00f6b\u00f6l. K\u00e9nyelmes cip\u0151, \u00e9s egy rendes, \u00fclve elfogyasztott eb\u00e9d \u2014 ne kapkodja el.<\/p>\n<\/div>\n<div class=\"ptr-itinerary\">\n<p class=\"ptr-itinerary-label\">F\u00e9lnap \u00b7 3 \u00f3ra \u00b7 Akik m\u00e1r j\u00e1rtak R\u00f3m\u00e1ban<\/p>\n<h3>A R\u00f3ma, amelyet a turistak\u00f6nyvek nem mutatnak meg<\/h3>\n<p>Azoknak, akik m\u00e1r l\u00e1tt\u00e1k a f\u0151bb l\u00e1tnival\u00f3kat, \u00e9s valami m\u00e1sra v\u00e1gynak. Lehets\u00e9ges meg\u00e1ll\u00f3k: a M\u00e1ltai Lovagrend kulcslyuka (t\u00f6k\u00e9letesen bekeretezett panor\u00e1ma a Szent P\u00e9ter-kupol\u00e1ra egy n\u00f6v\u00e9nyi \u00edv\u00f6n \u00e1t), a Trevi-negyed alatti \u00f3kori v\u00edzvezet\u00e9k (Vicus Caprarius), a Borghese Gal\u00e9ria Bernini- \u00e9s Caravaggio-remekei bens\u0151s\u00e9ges l\u00e9gk\u00f6rben, vagy a Capitoliumi M\u00fazeumok \u2014 messze kevesebb l\u00e1togat\u00f3val, mint a Vatik\u00e1nban. Az idegenvezet\u0151 az \u00fatvonalat arra \u00e9p\u00edti, amit m\u00e9g nem l\u00e1tott \u00e9s ami val\u00f3ban \u00e9rdekli.<\/p>\n<\/div>\n<h2>Borghese Gal\u00e9ria \u00e9s Villa Borghese kertjei<\/h2>\n<p>A Borghese Gal\u00e9ria a vil\u00e1g legteljesebb Bernini-szobor-gy\u0171jtem\u00e9ny\u00e9t \u0151rzi \u2014 Apoll\u00f3 \u00e9s Daphn\u00e9, Proserpina elrabl\u00e1sa, D\u00e1vid \u2014 Caravaggio, Tiziano \u00e9s Raffaello festm\u00e9nyei mellett, zs\u00fafolts\u00e1g n\u00e9lk\u00fcl bej\u00e1rhat\u00f3 termekben. A bel\u00e9p\u00e9s <strong>szigor\u00faan k\u00e9t\u00f3r\u00e1s turnusokban<\/strong> zajlik, er\u0151sen korl\u00e1tozott l\u00e1togat\u00f3sz\u00e1mmal. A jegyek a szezonban hetekkel el\u0151re elfogynak \u2014 a korai foglal\u00e1s elengedhetetlen. A Villa Borghese k\u00fcls\u0151 kertjei ingyenesen l\u00e1togathat\u00f3k, \u00e9s sz\u00e9p kieg\u00e9sz\u00edt\u0151i b\u00e1rmely programnak, ha az id\u0151 engedi.<\/p>\n<figure style=\"width: 690px\" class=\"wp-caption aligncenter\"><img decoding=\"async\" src=\"https:\/\/officialguides.com\/wp-content\/uploads\/2026\/03\/villa-borghese-gardens-temple-private-tour-rome.jpg\" alt=\"Aesculapius temploma t\u00fckr\u00f6z\u0151dik a Villa Borghese kertek tav\u00e1ban \u2014 R\u00f3ma egyik legb\u00e9k\u00e9sebb l\u00e1tv\u00e1nyoss\u00e1ga, k\u00f6nnyen kombin\u00e1lhat\u00f3 a Borghese Gal\u00e9ria mag\u00e1nt\u00far\u00e1j\u00e1val\" width=\"700\" height=\"429\" \/><figcaption class=\"wp-caption-text\"><em>Villa Borghese. A Gal\u00e9ria id\u0151pontos bel\u00e9p\u0151i hetekkel kor\u00e1bban elfogynak a szezonban \u2014 min\u00e9l hamarabb foglalja le.<\/em><\/figcaption><\/figure>\n<h2>N\u00e9h\u00e1ny praktikus dolog, miel\u0151tt tervez<\/h2>\n<h3>Foglalja le a jegyeket el\u0151re \u2014 k\u00fcl\u00f6n\u00f6sen szezonban<\/h3>\n<p>\u00c1prilis\u2013j\u00fanius \u00e9s szeptember\u2013okt\u00f3ber a legl\u00e1togatottabb h\u00f3napok. A Borghese Gal\u00e9ria \u2014 <strong>szigor\u00faan k\u00e9t \u00f3ra, kiv\u00e9tel n\u00e9lk\u00fcl<\/strong> \u2014 h\u00e1rom-n\u00e9gy h\u00e9ttel el\u0151re telt h\u00e1z. A Colosseum f\u00f6ldalatti folyos\u00f3ira sz\u00f3l\u00f3 jegyek m\u00e9g gyorsabban fogynak el. A Vatik\u00e1ni M\u00fazeumok kora reggeli bel\u00e9p\u0151je naponta korl\u00e1tozott. Hat\u00e1rozza meg a priorit\u00e1sokat, \u00e9s az els\u0151 kapcsolatfelv\u00e9telkor jelezze az idegenvezet\u0151nek \u2014 \u0151 int\u00e9zi a logisztik\u00e1t, csak el\u00e9g id\u0151re van sz\u00fcks\u00e9ge.<\/p>\n<h3>K\u00e9t hely alaposan meg\u00e9rdemelten fel\u00fclm\u00fal hatot kapkodva<\/h3>\n<p>A leggyakoribb hiba a r\u00f3mai program tervez\u00e9sekor a t\u00falzs\u00fafolts\u00e1g. H\u00e1rom \u00f3ra a Colosseumban \u00e9s a Forum Romanumban valakivel, aki elmagyar\u00e1zza, amit l\u00e1t, sokkal tov\u00e1bb \u00e9l az eml\u00e9kezetben, mint egy teljes nap, amikor helysz\u00edneket pip\u00e1l ki a t\u00e9rk\u00e9pen. Mondja el az idegenvezet\u0151j\u00e9nek \u0151szint\u00e9n, mekkora a csoport \u00e9s milyen temp\u00f3ban komfortos sz\u00e1mukra a s\u00e9ta. Egy j\u00f3 szakember megmondja, mi az, ami re\u00e1lisan elv\u00e9gezhet\u0151 \u2014 \u00e9s visszafog, ha t\u00fal sokat akar egyszerre.<\/p>\n<h3>K\u00f6zleked\u00e9s a helysz\u00ednek k\u00f6z\u00f6tt<\/h3>\n<p>A Vatik\u00e1n \u00e9s a Colosseum kb. 4 km-re van egym\u00e1st\u00f3l \u2014 gyalogolhat\u00f3, de egy forr\u00f3 ny\u00e1ri turisztikai napon nem ez az ide\u00e1lis. Ha a program egy nap alatt kombin\u00e1lja a k\u00e9t helysz\u00ednt, \u00e9rdemes taxi vagy mag\u00e1nfuvar k\u00f6zbesz\u00far\u00e1s\u00e1val tervezni. Sok idegenvezet\u0151 ezt is tudja int\u00e9zni \u2014 a programtervez\u00e9skor \u00e9rdekl\u0151dj\u00f6n.<\/p>\n<h3>Jubileum 2025 \u2014 amit \u00e9rdemes tudni<\/h3>\n<p>A Vatik\u00e1n 2024 kar\u00e1csony\u00e1n megnyitott Szent\u00e9ve 2026. janu\u00e1r 6-ig tart. A Vatik\u00e1n el\u0151rejelz\u00e9se szerint ez \u00e9vben rekordsz\u00e1m\u00fa zar\u00e1ndok \u00e9rkezik R\u00f3m\u00e1ba \u2014 a f\u0151bb vatik\u00e1ni helysz\u00ednekn\u00e9l \u00e9s a nagy bazilik\u00e1kn\u00e1l az \u00e1tlagosn\u00e1l is nagyobb forgalomra lehet sz\u00e1m\u00edtani. Az el\u0151re foglalt, id\u0151pontos bel\u00e9p\u0151 minden kor\u00e1bbin\u00e1l fontosabb. Ha a Vatik\u00e1n a program r\u00e9sz\u00e9t k\u00e9pezi, az idegenvezet\u0151j\u00e9vel min\u00e9l kor\u00e1bban egyeztessen a konkr\u00e9t d\u00e1tumr\u00f3l.<\/p>\n<h3>Csal\u00e1ddal, gyerekekkel<\/h3>\n<p>J\u00f3 megk\u00f6zel\u00edt\u00e9ssel R\u00f3ma meglep\u0151en bar\u00e1ts\u00e1gos a csal\u00e1dok sz\u00e1m\u00e1ra. A gladi\u00e1torok t\u00f6rt\u00e9nete a Colosseumban, j\u00f3l elmes\u00e9lve, t\u00edz \u00e9ves gyereket is le tud k\u00f6tni. A kulcs egy olyan idegenvezet\u0151, akinek van tapasztalata csal\u00e1dos s\u00e9t\u00e1kon, \u00e9s tud temp\u00f3t \u00e9s elbesz\u00e9l\u00e9sm\u00f3dot v\u00e1ltani. A gyerekek kor\u00e1t az els\u0151 kapcsolatfelv\u00e9telkor adja meg \u2014 ez mindent befoly\u00e1sol a program megtervez\u00e9s\u00e9t\u0151l a magyar\u00e1zat st\u00edlus\u00e1ig.<\/p>\n<p><a class=\"ptr-link-box\" title=\"Magyar nyelv\u0171 mag\u00e1n idegenvezet\u0151 R\u00f3m\u00e1ban\" href=\"https:\/\/officialguides.com\/hu\/europa\/olaszorszag\/roma\/magyar-idegenvezeto-roma\/\"><br \/>\nTal\u00e1lja meg idegenvezet\u0151j\u00e9t<br \/>\n<strong>Hivatalos magyar nyelv\u0171 mag\u00e1nidegenvezet\u0151k R\u00f3m\u00e1ban \u2014 Profilok, szakter\u00fcletek, nyelvek \u2192<\/strong><br \/>\n<\/a><\/p>\n<h2>Gyakori k\u00e9rd\u00e9sek<\/h2>\n<details class=\"ptr-faq\" open=\"open\">\n<summary>Ezen az oldalon kereszt\u00fcl lehet foglalni?<\/summary>\n<p>Nem. Ez az oldal t\u00e1j\u00e9koztat\u00f3 jelleg\u0171 forr\u00e1s. Az itt felsorolt idegenvezet\u0151k \u00f6n\u00e1ll\u00f3 szakemberek. K\u00f6zvetlen\u00fcl vel\u00fck l\u00e9p kapcsolatba, egy\u00fctt egyeztetik a programot, \u00e9s minden r\u00e9szlet \u2014 bele\u00e9rtve a d\u00edjat is \u2014 kiz\u00e1r\u00f3lag az idegenvezet\u0151vel int\u00e9zhet\u0151. Nincs foglal\u00e1si rendszer, nincs jutal\u00e9k, nincs k\u00f6zvet\u00edt\u0151 iroda.<\/p>\n<\/details>\n<details class=\"ptr-faq\" open=\"open\">\n<summary>Mennyibe ker\u00fcl a mag\u00e1nidegenvezet\u00e9s R\u00f3m\u00e1ban?<\/summary>\n<p>Az idegenvezet\u0151i d\u00edj R\u00f3m\u00e1ban \u00e1ltal\u00e1ban \u00f3r\u00e1nk\u00e9nt 70\u2013150 eur\u00f3 k\u00f6z\u00f6tt mozog, a szaktud\u00e1st\u00f3l, az id\u0151tartamt\u00f3l \u00e9s a csoportl\u00e9tsz\u00e1mt\u00f3l f\u00fcgg\u0151en. Ez a bel\u00e9p\u0151jegyekt\u0151l f\u00fcggetlen, azok \u00e1ra k\u00fcl\u00f6n sz\u00e1m\u00edtand\u00f3. A legt\u00f6bb idegenvezet\u0151 f\u00e9lnapos vagy eg\u00e9sz napos \u00e1tal\u00e1nyd\u00edjat aj\u00e1nl \u2014 a kapcsolatfelv\u00e9telkor k\u00e9rjen r\u00e9szletes d\u00edjkalkul\u00e1ci\u00f3t.<\/p>\n<\/details>\n<details class=\"ptr-faq\" open=\"open\">\n<summary>Milyen kor\u00e1n \u00e9rdemes felvenni a kapcsolatot az idegenvezet\u0151vel?<\/summary>\n<p>Szezonban (\u00e1prilis\u2013j\u00fanius, szeptember\u2013okt\u00f3ber) <strong>n\u00e9gy-hat h\u00e9ttel el\u0151re<\/strong> javasolt \u2014 k\u00fcl\u00f6n\u00f6sen, ha a Borghese Gal\u00e9ria vagy a Colosseum f\u00f6ldalatti folyos\u00f3i szerepelnek a tervben. Szezonon k\u00edv\u00fcl kett\u0151-h\u00e1rom h\u00e9t \u00e1ltal\u00e1ban elegend\u0151. A korai kapcsolatfelv\u00e9tel semmibe sem ker\u00fcl \u2014 az idegenvezet\u0151 viszont \u00edgy tud a legjobb bel\u00e9p\u00e9si id\u0151pontokra jegyet biztos\u00edtani.<\/p>\n<\/details>\n<details class=\"ptr-faq\" open=\"open\">\n<summary>Az eg\u00e9sz s\u00e9ta magyarul zajlik?<\/summary>\n<p>Igen. Az ezen az oldalon szerepl\u0151 \u00f6sszes idegenvezet\u0151 t\u00f6bb nyelven dolgozik, \u00e9s a magyar a mindennapi munkanyelveik egyike. Az egyes idegenvezet\u0151k nyelvtud\u00e1s\u00e1t, szakter\u00fcleteit \u00e9s tapasztalat\u00e1t az <a title=\"Magyar nyelv\u0171 mag\u00e1n idegenvezet\u0151 R\u00f3m\u00e1ban\" href=\"https:\/\/officialguides.com\/hu\/europa\/olaszorszag\/roma\/magyar-idegenvezeto-roma\/\">idegenvezet\u0151 oldalon<\/a> tekintheti meg.\u00a0Ezt az oldalt\u00a0<a href=\"https:\/\/officialguides.com\/europe\/italy\/rome\/private-tours\/\">angolul<\/a>,\u00a0<a href=\"https:\/\/officialguides.com\/de\/europa\/italien\/rom\/privatfuehrung-in-rom-auf-deutsch\/\">n\u00e9met\u00fcl<\/a>\u00a0\u00e9s\u00a0<a href=\"https:\/\/officialguides.com\/ro\/europa\/italia\/roma\/tur-privat-roma-in-romana\/\">rom\u00e1nul<\/a>\u00a0is olvashatja.<\/p>\n<\/details>\n<details class=\"ptr-faq\" open=\"open\">\n<summary>Meg\u00e9ri a mag\u00e1nidegenvezet\u00e9s k\u00e9t f\u0151re?<\/summary>\n<p>Igen \u2014 p\u00e1rnak vagy kisebb t\u00e1rsas\u00e1gnak a mag\u00e1nidegenvezet\u00e9s sokszor meglep\u0151en j\u00f3 \u00e1r-\u00e9rt\u00e9k ar\u00e1nyt k\u00edn\u00e1l, mert az idegenvezet\u0151 d\u00edja fix, a l\u00e9tsz\u00e1mt\u00f3l f\u00fcggetlen\u00fcl. K\u00e9t ember mag\u00e1ns\u00e9ta keret\u00e9ben \u00e1ltal\u00e1ban kevesebbet fizet fejenk\u00e9nt, mint egy pr\u00e9mium kiscsoportos programon egy forgalmas helysz\u00ednen \u2014 \u00e9s cser\u00e9be egy teljesen az ig\u00e9nyeikre szabott napot kap.<\/p>\n<\/details>\n<details class=\"ptr-faq\" open=\"open\">\n<summary>Egy nap alatt a Vatik\u00e1n \u00e9s a Colosseum is megtekinthet\u0151?<\/summary>\n<p>Igen, sok idegenvezet\u0151 pontosan ezt csin\u00e1lja \u2014 a \u201eR\u00f3ma egy nap alatt&#8221; az egyik leggyakoribb k\u00e9r\u00e9s. Mindk\u00e9t helysz\u00ednre id\u0151pontos bel\u00e9p\u0151jegy sz\u00fcks\u00e9ges, \u00e9s k\u00f6zt\u00fck fuvarral is kell sz\u00e1molni. Teli, ig\u00e9nyes nap \u2014 de j\u00f3l megtervezett temp\u00f3val rendk\u00edv\u00fcl kiel\u00e9g\u00edt\u0151. Az idegenvezet\u0151 a konkr\u00e9t l\u00e1togat\u00e1si d\u00e1tum alapj\u00e1n javasolja a legjobb sorrendet \u00e9s id\u0151beoszt\u00e1st.<\/p>\n<\/details>\n<div class=\"ptr-cta\">\n<h2>K\u00e9szen \u00e1ll megtervezni r\u00f3mai mag\u00e1nidegenvezet\u00e9s\u00e9t?<\/h2>\n<p>Tekintse meg az oldalon szerepl\u0151 hivatalos enged\u00e9llyel rendelkez\u0151 \u00f6n\u00e1ll\u00f3 idegenvezet\u0151k profiljait, olvasson tapasztalataikr\u00f3l \u00e9s szakter\u00fcleteikr\u0151l, \u00e9s l\u00e9pjen vel\u00fck k\u00f6zvetlen\u00fcl kapcsolatba a l\u00e1togat\u00e1s megszervez\u00e9s\u00e9hez.<\/p>\n<p><a class=\"ptr-btn\" title=\"Magyar nyelv\u0171 mag\u00e1n idegenvezet\u0151 R\u00f3m\u00e1ban\" href=\"https:\/\/officialguides.com\/hu\/europa\/olaszorszag\/roma\/magyar-idegenvezeto-roma\/\">Magyar nyelv\u0171 idegenvezet\u0151t keresek R\u00f3m\u00e1ban \u2192<\/a><\/p>\n<\/div>\n<\/div>\n","protected":false},"excerpt":{"rendered":"<p>Hogyan tervezheti meg r\u00f3mai l\u00e1togat\u00e1s\u00e1t az \u00d6n ig\u00e9nyei szerint \u2014 a saj\u00e1t temp\u00f3j\u00e1ban, a saj\u00e1t nyelv\u00e9n, nagy csoportok \u00e9s k\u00f6zvet\u00edt\u0151k n\u00e9lk\u00fcl. Err\u0151l az oldalr\u00f3l: Ez az oldal t\u00e1j\u00e9koztat\u00f3 jelleg\u0171, nem foglal\u00e1si rendszer. Az itt bemutatott idegenvezet\u0151k f\u00fcggetlen szakemberek, hivatalos olasz enged\u00e9llyel. K\u00f6zvetlen\u00fcl vel\u00fck veheti fel a kapcsolatot, egy\u00fctt egyeztetik a programot, \u00e9s a d\u00edjat is &#8230; <a title=\"Mag\u00e1nidegenvezet\u00e9s R\u00f3m\u00e1ban Magyarul\" class=\"read-more\" href=\"https:\/\/officialguides.com\/hu\/europa\/olaszorszag\/roma\/maganidegenvezetes-romaban-magyarul\/\" aria-label=\"Read more about Mag\u00e1nidegenvezet\u00e9s R\u00f3m\u00e1ban Magyarul\">Olvass tov\u00e1bb<\/a><\/p>\n","protected":false},"author":3,"featured_media":399780,"comment_status":"open","ping_status":"open","sticky":false,"template":"","format":"standard","meta":{"_acf_changed":false,"footnotes":""},"categories":[721],"tags":[],"class_list":["post-399781","post","type-post","status-publish","format-standard","has-post-thumbnail","hentry","category-roma"],"acf":[],"yoast_head":"<!-- This site is optimized with the Yoast SEO plugin v27.4 - https:\/\/yoast.com\/product\/yoast-seo-wordpress\/ -->\n<title>Mag\u00e1nidegenvezet\u00e9s R\u00f3m\u00e1ban magyarul \u2014 Programok \u00e9s tippek<\/title>\n<meta name=\"description\" content=\"Magyar nyelv\u0171 mag\u00e1nidegenvezet\u00e9s R\u00f3m\u00e1ban: mit l\u00e1sson, hogyan tervezze a napj\u00e1t, \u00e9s hogyan \u00e9rheti el k\u00f6zvetlen\u00fcl a hivatalos idegenvezet\u0151t \u2014 k\u00f6zvet\u00edt\u0151k n\u00e9lk\u00fcl.\" \/>\n<meta name=\"robots\" content=\"index, follow, max-snippet:-1, max-image-preview:large, max-video-preview:-1\" \/>\n<link rel=\"canonical\" href=\"https:\/\/officialguides.com\/hu\/europa\/olaszorszag\/roma\/maganidegenvezetes-romaban-magyarul\/\" \/>\n<meta property=\"og:locale\" content=\"hu_HU\" \/>\n<meta property=\"og:type\" content=\"article\" \/>\n<meta property=\"og:title\" content=\"Mag\u00e1nidegenvezet\u00e9s R\u00f3m\u00e1ban magyarul \u2014 Programok \u00e9s tippek\" \/>\n<meta property=\"og:description\" content=\"Magyar nyelv\u0171 mag\u00e1nidegenvezet\u00e9s R\u00f3m\u00e1ban: mit l\u00e1sson, hogyan tervezze a napj\u00e1t, \u00e9s hogyan \u00e9rheti el k\u00f6zvetlen\u00fcl a hivatalos idegenvezet\u0151t \u2014 k\u00f6zvet\u00edt\u0151k n\u00e9lk\u00fcl.\" \/>\n<meta property=\"og:url\" content=\"https:\/\/officialguides.com\/hu\/europa\/olaszorszag\/roma\/maganidegenvezetes-romaban-magyarul\/\" \/>\n<meta property=\"og:site_name\" content=\"Find Your Private Tour Guide Around The World!\" \/>\n<meta property=\"article:author\" content=\"https:\/\/facebook.com\/yusuf_sipahi\" \/>\n<meta property=\"article:published_time\" content=\"2026-03-08T15:15:38+00:00\" \/>\n<meta property=\"article:modified_time\" content=\"2026-03-25T19:39:48+00:00\" \/>\n<meta property=\"og:image\" content=\"https:\/\/officialguides.com\/wp-content\/uploads\/2026\/03\/rome-private-tours-tiber-river-vatican-dome-panorama.jpg\" \/>\n\t<meta property=\"og:image:width\" content=\"1024\" \/>\n\t<meta property=\"og:image:height\" content=\"682\" \/>\n\t<meta property=\"og:image:type\" content=\"image\/jpeg\" \/>\n<meta name=\"author\" content=\"OG\" \/>\n<meta name=\"twitter:card\" content=\"summary_large_image\" \/>\n<meta name=\"twitter:label1\" content=\"Szerz\u0151:\" \/>\n\t<meta name=\"twitter:data1\" content=\"OG\" \/>\n\t<meta name=\"twitter:label2\" content=\"Becs\u00fclt olvas\u00e1si id\u0151\" \/>\n\t<meta name=\"twitter:data2\" content=\"10 perc\" \/>\n<script type=\"application\/ld+json\" class=\"yoast-schema-graph\">{\"@context\":\"https:\\\/\\\/schema.org\",\"@graph\":[{\"@type\":\"Article\",\"@id\":\"https:\\\/\\\/officialguides.com\\\/hu\\\/europa\\\/olaszorszag\\\/roma\\\/maganidegenvezetes-romaban-magyarul\\\/#article\",\"isPartOf\":{\"@id\":\"https:\\\/\\\/officialguides.com\\\/hu\\\/europa\\\/olaszorszag\\\/roma\\\/maganidegenvezetes-romaban-magyarul\\\/\"},\"author\":{\"name\":\"OG\",\"@id\":\"https:\\\/\\\/officialguides.com\\\/hu\\\/#\\\/schema\\\/person\\\/a51050a718e9b3200cf5e1435d15b23e\"},\"headline\":\"Mag\u00e1nidegenvezet\u00e9s R\u00f3m\u00e1ban Magyarul\",\"datePublished\":\"2026-03-08T15:15:38+00:00\",\"dateModified\":\"2026-03-25T19:39:48+00:00\",\"mainEntityOfPage\":{\"@id\":\"https:\\\/\\\/officialguides.com\\\/hu\\\/europa\\\/olaszorszag\\\/roma\\\/maganidegenvezetes-romaban-magyarul\\\/\"},\"wordCount\":2811,\"commentCount\":0,\"image\":{\"@id\":\"https:\\\/\\\/officialguides.com\\\/hu\\\/europa\\\/olaszorszag\\\/roma\\\/maganidegenvezetes-romaban-magyarul\\\/#primaryimage\"},\"thumbnailUrl\":\"https:\\\/\\\/officialguides.com\\\/wp-content\\\/uploads\\\/2026\\\/03\\\/rome-private-tours-tiber-river-vatican-dome-panorama.jpg\",\"articleSection\":[\"R\u00f3ma\"],\"inLanguage\":\"hu\"},{\"@type\":\"WebPage\",\"@id\":\"https:\\\/\\\/officialguides.com\\\/hu\\\/europa\\\/olaszorszag\\\/roma\\\/maganidegenvezetes-romaban-magyarul\\\/\",\"url\":\"https:\\\/\\\/officialguides.com\\\/hu\\\/europa\\\/olaszorszag\\\/roma\\\/maganidegenvezetes-romaban-magyarul\\\/\",\"name\":\"Mag\u00e1nidegenvezet\u00e9s R\u00f3m\u00e1ban magyarul \u2014 Programok \u00e9s tippek\",\"isPartOf\":{\"@id\":\"https:\\\/\\\/officialguides.com\\\/hu\\\/#website\"},\"primaryImageOfPage\":{\"@id\":\"https:\\\/\\\/officialguides.com\\\/hu\\\/europa\\\/olaszorszag\\\/roma\\\/maganidegenvezetes-romaban-magyarul\\\/#primaryimage\"},\"image\":{\"@id\":\"https:\\\/\\\/officialguides.com\\\/hu\\\/europa\\\/olaszorszag\\\/roma\\\/maganidegenvezetes-romaban-magyarul\\\/#primaryimage\"},\"thumbnailUrl\":\"https:\\\/\\\/officialguides.com\\\/wp-content\\\/uploads\\\/2026\\\/03\\\/rome-private-tours-tiber-river-vatican-dome-panorama.jpg\",\"datePublished\":\"2026-03-08T15:15:38+00:00\",\"dateModified\":\"2026-03-25T19:39:48+00:00\",\"author\":{\"@id\":\"https:\\\/\\\/officialguides.com\\\/hu\\\/#\\\/schema\\\/person\\\/a51050a718e9b3200cf5e1435d15b23e\"},\"description\":\"Magyar nyelv\u0171 mag\u00e1nidegenvezet\u00e9s R\u00f3m\u00e1ban: mit l\u00e1sson, hogyan tervezze a napj\u00e1t, \u00e9s hogyan \u00e9rheti el k\u00f6zvetlen\u00fcl a hivatalos idegenvezet\u0151t \u2014 k\u00f6zvet\u00edt\u0151k n\u00e9lk\u00fcl.\",\"breadcrumb\":{\"@id\":\"https:\\\/\\\/officialguides.com\\\/hu\\\/europa\\\/olaszorszag\\\/roma\\\/maganidegenvezetes-romaban-magyarul\\\/#breadcrumb\"},\"inLanguage\":\"hu\",\"potentialAction\":[{\"@type\":\"ReadAction\",\"target\":[\"https:\\\/\\\/officialguides.com\\\/hu\\\/europa\\\/olaszorszag\\\/roma\\\/maganidegenvezetes-romaban-magyarul\\\/\"]}]},{\"@type\":\"ImageObject\",\"inLanguage\":\"hu\",\"@id\":\"https:\\\/\\\/officialguides.com\\\/hu\\\/europa\\\/olaszorszag\\\/roma\\\/maganidegenvezetes-romaban-magyarul\\\/#primaryimage\",\"url\":\"https:\\\/\\\/officialguides.com\\\/wp-content\\\/uploads\\\/2026\\\/03\\\/rome-private-tours-tiber-river-vatican-dome-panorama.jpg\",\"contentUrl\":\"https:\\\/\\\/officialguides.com\\\/wp-content\\\/uploads\\\/2026\\\/03\\\/rome-private-tours-tiber-river-vatican-dome-panorama.jpg\",\"width\":1024,\"height\":682,\"caption\":\"Kil\u00e1t\u00e1s a Tiberis foly\u00f3ra \u00e9s a II. Viktor Em\u00e1nuel h\u00eddra, a Szent P\u00e9ter-bazilika kupol\u00e1j\u00e1val R\u00f3ma h\u00e1ztet\u0151i f\u00f6l\u00e9 magasodva \u2013 az \u00d6r\u00f6k V\u00e1ros klasszikus panor\u00e1m\u00e1ja\"},{\"@type\":\"BreadcrumbList\",\"@id\":\"https:\\\/\\\/officialguides.com\\\/hu\\\/europa\\\/olaszorszag\\\/roma\\\/maganidegenvezetes-romaban-magyarul\\\/#breadcrumb\",\"itemListElement\":[{\"@type\":\"ListItem\",\"position\":1,\"name\":\"Home\",\"item\":\"https:\\\/\\\/officialguides.com\\\/hu\\\/\"},{\"@type\":\"ListItem\",\"position\":2,\"name\":\"Mag\u00e1nidegenvezet\u00e9s R\u00f3m\u00e1ban Magyarul\"}]},{\"@type\":\"WebSite\",\"@id\":\"https:\\\/\\\/officialguides.com\\\/hu\\\/#website\",\"url\":\"https:\\\/\\\/officialguides.com\\\/hu\\\/\",\"name\":\"Official Tour Guides Around The World! Istanbul, Paris, Rome, Dubai...\",\"description\":\"Explore cities and popular destinations with professional, official, certified tour guides\",\"alternateName\":\"Official Guides\",\"potentialAction\":[{\"@type\":\"SearchAction\",\"target\":{\"@type\":\"EntryPoint\",\"urlTemplate\":\"https:\\\/\\\/officialguides.com\\\/hu\\\/?s={search_term_string}\"},\"query-input\":{\"@type\":\"PropertyValueSpecification\",\"valueRequired\":true,\"valueName\":\"search_term_string\"}}],\"inLanguage\":\"hu\"},{\"@type\":\"Person\",\"@id\":\"https:\\\/\\\/officialguides.com\\\/hu\\\/#\\\/schema\\\/person\\\/a51050a718e9b3200cf5e1435d15b23e\",\"name\":\"OG\",\"image\":{\"@type\":\"ImageObject\",\"inLanguage\":\"hu\",\"@id\":\"https:\\\/\\\/officialguides.com\\\/wp-content\\\/litespeed\\\/avatar\\\/3c75750ce01f0e4166360e4f4a2083e7.jpg?ver=1777123855\",\"url\":\"https:\\\/\\\/officialguides.com\\\/wp-content\\\/litespeed\\\/avatar\\\/3c75750ce01f0e4166360e4f4a2083e7.jpg?ver=1777123855\",\"contentUrl\":\"https:\\\/\\\/officialguides.com\\\/wp-content\\\/litespeed\\\/avatar\\\/3c75750ce01f0e4166360e4f4a2083e7.jpg?ver=1777123855\",\"caption\":\"OG\"},\"description\":\"Here are the details about Yusuf Sipahi, one of the authors featured on this website: EDUCATION Istanbul University, Faculty of Letters, Department of Eastern Languages and Literature, Arabic Language and Literature Escuela de Espa\u00f1a, Salamanca, Spain Istanbul University, Faculty of Economics, Tourism and Hotel Management Program Cappadocia University, Department of Tourist Guidance PROFESSIONAL EXPERIENCE Reservation Department, Pera Palace Hotel Outgoing Tours Department, Asya Tur Travel Agency Outgoing Tours Department, Varan Tur Travel Agency International Cruise Tour Guide (Costa, MSC, Royal Caribbean), Ets Tur Travel Agency International Cruise and Land Tours Guide (Costa, MSC, Royal Caribbean) at Pronto Tur Travel Agency, focusing on destinations such as Spain, Italy, France, Portugal, Norway, Sweden, Germany, Greece, Turkey, Russia, Denmark, the Netherlands, the Caribbean, and the United Arab Emirates. Guide for Turkey and International Cruise Tours (MSC), Setur Travel Agency Professional tourist guide in Istanbul, specializing in cultural, historical, and gastronomi tours Delegate of the Istanbul Chamber of Tour Guides (\u0130RO), from 2022-2025 and 2025-2028 PUBLICATIONS Kos Island Tourist Guide Book\",\"sameAs\":[\"https:\\\/\\\/facebook.com\\\/yusuf_sipahi\",\"https:\\\/\\\/www.instagram.com\\\/yusufsipahi_\",\"https:\\\/\\\/www.linkedin.com\\\/in\\\/yusuf-sipahi-5a41b6219\\\/\"]}]}<\/script>\n<!-- \/ Yoast SEO plugin. -->","yoast_head_json":{"title":"Mag\u00e1nidegenvezet\u00e9s R\u00f3m\u00e1ban magyarul \u2014 Programok \u00e9s tippek","description":"Magyar nyelv\u0171 mag\u00e1nidegenvezet\u00e9s R\u00f3m\u00e1ban: mit l\u00e1sson, hogyan tervezze a napj\u00e1t, \u00e9s hogyan \u00e9rheti el k\u00f6zvetlen\u00fcl a hivatalos idegenvezet\u0151t \u2014 k\u00f6zvet\u00edt\u0151k n\u00e9lk\u00fcl.","robots":{"index":"index","follow":"follow","max-snippet":"max-snippet:-1","max-image-preview":"max-image-preview:large","max-video-preview":"max-video-preview:-1"},"canonical":"https:\/\/officialguides.com\/hu\/europa\/olaszorszag\/roma\/maganidegenvezetes-romaban-magyarul\/","og_locale":"hu_HU","og_type":"article","og_title":"Mag\u00e1nidegenvezet\u00e9s R\u00f3m\u00e1ban magyarul \u2014 Programok \u00e9s tippek","og_description":"Magyar nyelv\u0171 mag\u00e1nidegenvezet\u00e9s R\u00f3m\u00e1ban: mit l\u00e1sson, hogyan tervezze a napj\u00e1t, \u00e9s hogyan \u00e9rheti el k\u00f6zvetlen\u00fcl a hivatalos idegenvezet\u0151t \u2014 k\u00f6zvet\u00edt\u0151k n\u00e9lk\u00fcl.","og_url":"https:\/\/officialguides.com\/hu\/europa\/olaszorszag\/roma\/maganidegenvezetes-romaban-magyarul\/","og_site_name":"Find Your Private Tour Guide Around The World!","article_author":"https:\/\/facebook.com\/yusuf_sipahi","article_published_time":"2026-03-08T15:15:38+00:00","article_modified_time":"2026-03-25T19:39:48+00:00","og_image":[{"width":1024,"height":682,"url":"https:\/\/officialguides.com\/wp-content\/uploads\/2026\/03\/rome-private-tours-tiber-river-vatican-dome-panorama.jpg","type":"image\/jpeg"}],"author":"OG","twitter_card":"summary_large_image","twitter_misc":{"Szerz\u0151:":"OG","Becs\u00fclt olvas\u00e1si id\u0151":"10 perc"},"schema":{"@context":"https:\/\/schema.org","@graph":[{"@type":"Article","@id":"https:\/\/officialguides.com\/hu\/europa\/olaszorszag\/roma\/maganidegenvezetes-romaban-magyarul\/#article","isPartOf":{"@id":"https:\/\/officialguides.com\/hu\/europa\/olaszorszag\/roma\/maganidegenvezetes-romaban-magyarul\/"},"author":{"name":"OG","@id":"https:\/\/officialguides.com\/hu\/#\/schema\/person\/a51050a718e9b3200cf5e1435d15b23e"},"headline":"Mag\u00e1nidegenvezet\u00e9s R\u00f3m\u00e1ban Magyarul","datePublished":"2026-03-08T15:15:38+00:00","dateModified":"2026-03-25T19:39:48+00:00","mainEntityOfPage":{"@id":"https:\/\/officialguides.com\/hu\/europa\/olaszorszag\/roma\/maganidegenvezetes-romaban-magyarul\/"},"wordCount":2811,"commentCount":0,"image":{"@id":"https:\/\/officialguides.com\/hu\/europa\/olaszorszag\/roma\/maganidegenvezetes-romaban-magyarul\/#primaryimage"},"thumbnailUrl":"https:\/\/officialguides.com\/wp-content\/uploads\/2026\/03\/rome-private-tours-tiber-river-vatican-dome-panorama.jpg","articleSection":["R\u00f3ma"],"inLanguage":"hu"},{"@type":"WebPage","@id":"https:\/\/officialguides.com\/hu\/europa\/olaszorszag\/roma\/maganidegenvezetes-romaban-magyarul\/","url":"https:\/\/officialguides.com\/hu\/europa\/olaszorszag\/roma\/maganidegenvezetes-romaban-magyarul\/","name":"Mag\u00e1nidegenvezet\u00e9s R\u00f3m\u00e1ban magyarul \u2014 Programok \u00e9s tippek","isPartOf":{"@id":"https:\/\/officialguides.com\/hu\/#website"},"primaryImageOfPage":{"@id":"https:\/\/officialguides.com\/hu\/europa\/olaszorszag\/roma\/maganidegenvezetes-romaban-magyarul\/#primaryimage"},"image":{"@id":"https:\/\/officialguides.com\/hu\/europa\/olaszorszag\/roma\/maganidegenvezetes-romaban-magyarul\/#primaryimage"},"thumbnailUrl":"https:\/\/officialguides.com\/wp-content\/uploads\/2026\/03\/rome-private-tours-tiber-river-vatican-dome-panorama.jpg","datePublished":"2026-03-08T15:15:38+00:00","dateModified":"2026-03-25T19:39:48+00:00","author":{"@id":"https:\/\/officialguides.com\/hu\/#\/schema\/person\/a51050a718e9b3200cf5e1435d15b23e"},"description":"Magyar nyelv\u0171 mag\u00e1nidegenvezet\u00e9s R\u00f3m\u00e1ban: mit l\u00e1sson, hogyan tervezze a napj\u00e1t, \u00e9s hogyan \u00e9rheti el k\u00f6zvetlen\u00fcl a hivatalos idegenvezet\u0151t \u2014 k\u00f6zvet\u00edt\u0151k n\u00e9lk\u00fcl.","breadcrumb":{"@id":"https:\/\/officialguides.com\/hu\/europa\/olaszorszag\/roma\/maganidegenvezetes-romaban-magyarul\/#breadcrumb"},"inLanguage":"hu","potentialAction":[{"@type":"ReadAction","target":["https:\/\/officialguides.com\/hu\/europa\/olaszorszag\/roma\/maganidegenvezetes-romaban-magyarul\/"]}]},{"@type":"ImageObject","inLanguage":"hu","@id":"https:\/\/officialguides.com\/hu\/europa\/olaszorszag\/roma\/maganidegenvezetes-romaban-magyarul\/#primaryimage","url":"https:\/\/officialguides.com\/wp-content\/uploads\/2026\/03\/rome-private-tours-tiber-river-vatican-dome-panorama.jpg","contentUrl":"https:\/\/officialguides.com\/wp-content\/uploads\/2026\/03\/rome-private-tours-tiber-river-vatican-dome-panorama.jpg","width":1024,"height":682,"caption":"Kil\u00e1t\u00e1s a Tiberis foly\u00f3ra \u00e9s a II. Viktor Em\u00e1nuel h\u00eddra, a Szent P\u00e9ter-bazilika kupol\u00e1j\u00e1val R\u00f3ma h\u00e1ztet\u0151i f\u00f6l\u00e9 magasodva \u2013 az \u00d6r\u00f6k V\u00e1ros klasszikus panor\u00e1m\u00e1ja"},{"@type":"BreadcrumbList","@id":"https:\/\/officialguides.com\/hu\/europa\/olaszorszag\/roma\/maganidegenvezetes-romaban-magyarul\/#breadcrumb","itemListElement":[{"@type":"ListItem","position":1,"name":"Home","item":"https:\/\/officialguides.com\/hu\/"},{"@type":"ListItem","position":2,"name":"Mag\u00e1nidegenvezet\u00e9s R\u00f3m\u00e1ban Magyarul"}]},{"@type":"WebSite","@id":"https:\/\/officialguides.com\/hu\/#website","url":"https:\/\/officialguides.com\/hu\/","name":"Official Tour Guides Around The World! Istanbul, Paris, Rome, Dubai...","description":"Explore cities and popular destinations with professional, official, certified tour guides","alternateName":"Official Guides","potentialAction":[{"@type":"SearchAction","target":{"@type":"EntryPoint","urlTemplate":"https:\/\/officialguides.com\/hu\/?s={search_term_string}"},"query-input":{"@type":"PropertyValueSpecification","valueRequired":true,"valueName":"search_term_string"}}],"inLanguage":"hu"},{"@type":"Person","@id":"https:\/\/officialguides.com\/hu\/#\/schema\/person\/a51050a718e9b3200cf5e1435d15b23e","name":"OG","image":{"@type":"ImageObject","inLanguage":"hu","@id":"https:\/\/officialguides.com\/wp-content\/litespeed\/avatar\/3c75750ce01f0e4166360e4f4a2083e7.jpg?ver=1777123855","url":"https:\/\/officialguides.com\/wp-content\/litespeed\/avatar\/3c75750ce01f0e4166360e4f4a2083e7.jpg?ver=1777123855","contentUrl":"https:\/\/officialguides.com\/wp-content\/litespeed\/avatar\/3c75750ce01f0e4166360e4f4a2083e7.jpg?ver=1777123855","caption":"OG"},"description":"Here are the details about Yusuf Sipahi, one of the authors featured on this website: EDUCATION Istanbul University, Faculty of Letters, Department of Eastern Languages and Literature, Arabic Language and Literature Escuela de Espa\u00f1a, Salamanca, Spain Istanbul University, Faculty of Economics, Tourism and Hotel Management Program Cappadocia University, Department of Tourist Guidance PROFESSIONAL EXPERIENCE Reservation Department, Pera Palace Hotel Outgoing Tours Department, Asya Tur Travel Agency Outgoing Tours Department, Varan Tur Travel Agency International Cruise Tour Guide (Costa, MSC, Royal Caribbean), Ets Tur Travel Agency International Cruise and Land Tours Guide (Costa, MSC, Royal Caribbean) at Pronto Tur Travel Agency, focusing on destinations such as Spain, Italy, France, Portugal, Norway, Sweden, Germany, Greece, Turkey, Russia, Denmark, the Netherlands, the Caribbean, and the United Arab Emirates. Guide for Turkey and International Cruise Tours (MSC), Setur Travel Agency Professional tourist guide in Istanbul, specializing in cultural, historical, and gastronomi tours Delegate of the Istanbul Chamber of Tour Guides (\u0130RO), from 2022-2025 and 2025-2028 PUBLICATIONS Kos Island Tourist Guide Book","sameAs":["https:\/\/facebook.com\/yusuf_sipahi","https:\/\/www.instagram.com\/yusufsipahi_","https:\/\/www.linkedin.com\/in\/yusuf-sipahi-5a41b6219\/"]}]}},"_links":{"self":[{"href":"https:\/\/officialguides.com\/hu\/wp-json\/wp\/v2\/posts\/399781","targetHints":{"allow":["GET"]}}],"collection":[{"href":"https:\/\/officialguides.com\/hu\/wp-json\/wp\/v2\/posts"}],"about":[{"href":"https:\/\/officialguides.com\/hu\/wp-json\/wp\/v2\/types\/post"}],"author":[{"embeddable":true,"href":"https:\/\/officialguides.com\/hu\/wp-json\/wp\/v2\/users\/3"}],"replies":[{"embeddable":true,"href":"https:\/\/officialguides.com\/hu\/wp-json\/wp\/v2\/comments?post=399781"}],"version-history":[{"count":5,"href":"https:\/\/officialguides.com\/hu\/wp-json\/wp\/v2\/posts\/399781\/revisions"}],"predecessor-version":[{"id":401282,"href":"https:\/\/officialguides.com\/hu\/wp-json\/wp\/v2\/posts\/399781\/revisions\/401282"}],"wp:featuredmedia":[{"embeddable":true,"href":"https:\/\/officialguides.com\/hu\/wp-json\/wp\/v2\/media\/399780"}],"wp:attachment":[{"href":"https:\/\/officialguides.com\/hu\/wp-json\/wp\/v2\/media?parent=399781"}],"wp:term":[{"taxonomy":"category","embeddable":true,"href":"https:\/\/officialguides.com\/hu\/wp-json\/wp\/v2\/categories?post=399781"},{"taxonomy":"post_tag","embeddable":true,"href":"https:\/\/officialguides.com\/hu\/wp-json\/wp\/v2\/tags?post=399781"}],"curies":[{"name":"wp","href":"https:\/\/api.w.org\/{rel}","templated":true}]}}