{"id":398552,"date":"2026-02-18T22:55:41","date_gmt":"2026-02-18T19:55:41","guid":{"rendered":"https:\/\/officialguides.com\/magyar-nyelvu-magan-idegenvezeto-romaban\/"},"modified":"2026-04-25T00:57:42","modified_gmt":"2026-04-24T21:57:42","slug":"magyar-idegenvezeto-roma","status":"publish","type":"post","link":"https:\/\/officialguides.com\/hu\/europa\/olaszorszag\/roma\/magyar-idegenvezeto-roma\/","title":{"rendered":"Priv\u00e1t Magyar Idegenvezet\u0151 R\u00f3m\u00e1ban"},"content":{"rendered":"<p><!-- SEO: SLUG \/hu\/privat-idegenvezeto-roma-magyarul\/ TITLE: Priv\u00e1t idegenvezet\u0151 R\u00f3m\u00e1ban: hivatalos t\u00far\u00e1k magyarul | \u00c1rak 2026 META: Magyar nyelv\u0171 idegenvezet\u0151t keres R\u00f3m\u00e1ban? Priv\u00e1t t\u00far\u00e1k enged\u00e9lyes szak\u00e9rt\u0151vel a Vatik\u00e1nban \u00e9s a Colosseumban, \u00e1rak 2026. H1: Priv\u00e1t idegenvezet\u0151 R\u00f3m\u00e1ban H2 i\u00e7erik ana: Priv\u00e1t idegenvezet\u0151 R\u00f3m\u00e1ban \u2014 magyar nyelv\u0171 t\u00far\u00e1k Patentin\u00f3val ANCHOR: #rome-guides LANG: magyarul \/ magyar nyelv\u0171 KW Primary: priv\u00e1t idegenvezet\u0151 R\u00f3m\u00e1ban KW Secondary: magyar idegenvezet\u0151 R\u00f3m\u00e1ban (millet-dil) KW Secondary: magyar nyelv\u0171 idegenvezet\u00e9s (Csodautak, Varoskartyak kal\u0131b\u0131) KW Secondary: hivatalos idegenvezet\u0151 (N\u00e9meth Bea kal\u0131b\u0131, legal) KW Legal: enged\u00e9lyes idegenvezet\u0151 \/ Patentino UNIQUE ANGLE (Gemini se\u00e7imi, korunuyor): - Magyarok Nagyasszonya-k\u00e1polna (Szent P\u00e9ter bazilika altemploma) - Falconieri-palota \/ R\u00f3mai Magyar Akad\u00e9mia (Via Giulia, 1928) --><\/p>\n<div class=\"ptr-wrap\">\n<div class=\"ptr-intro-box\"><strong>R\u00f6viden \u2014 Priv\u00e1t idegenvezet\u0151k \u00e1rai R\u00f3m\u00e1ban (2026)<\/strong><br \/>\nEgy enged\u00e9llyel rendelkez\u0151 <strong>priv\u00e1t idegenvezet\u0151 R\u00f3m\u00e1ban<\/strong> \u00e1ltal\u00e1ban <strong>\u00f3r\u00e1nk\u00e9nt 60\u2013100 eur\u00f3t k\u00e9r csoportonk\u00e9nt<\/strong> <span style=\"text-decoration: underline;\"><em>(nem szem\u00e9lyenk\u00e9nt \u2014 ami egy n\u00e9gyf\u0151s csoport eset\u00e9ben mind\u00f6ssze <strong>15\u201325 eur\u00f3t<\/strong> jelent fejenk\u00e9nt)<\/em><\/span>. Az enged\u00e9llyel rendelkez\u0151 idegenvezet\u0151k seg\u00edthetnek abban is, hogy kihagyja a hossz\u00fa jegyv\u00e1s\u00e1rl\u00e1si sorokat a <em>Colosseum<\/em>n\u00e1l \u00e9s a <em>Vatik\u00e1ni M\u00fazeumok<\/em>ban, \u00edgy \u00f3r\u00e1kig tart\u00f3 v\u00e1rakoz\u00e1st takar\u00edthat meg.<\/p>\n<p style=\"margin: 0.6rem 0 0; color: #c71585; font-weight: 600;\">\u25bc B\u00f6ng\u00e9sszen a lenti idegenvezet\u0151i profilok k\u00f6z\u00f6tt, \u00e9s l\u00e9pjen vel\u00fck k\u00f6zvetlen\u00fcl kapcsolatba<\/p>\n<\/div>\n<h2 id=\"rome-guides\">Priv\u00e1t idegenvezet\u0151 R\u00f3m\u00e1ban \u2014 magyar nyelv\u0171 t\u00far\u00e1k <em>Patentin\u00f3val<\/em><\/h2>\n    <div class=\"ogc-guides-container\">\n\n                        <div class=\"ogc-guide-card\" data-guide-id=\"399046\">\n        <div class=\"ogc-card-header\">\n            <div class=\"ogc-photo-section\">\n                                    <div class=\"ogc-photo-placeholder\">\ud83d\udc64<\/div>\n                            <\/div>\n            <div class=\"ogc-info-section\">\n                <div class=\"ogc-badge\">\u2713 Hivatalos Idegenvezet\u0151<\/div>\n                <h3 class=\"ogc-guide-name\">No Guide Listed Yet<\/h3>\n                                                            <\/div>\n        <\/div>\n        \n        <button class=\"ogc-accordion-toggle\">N\u00c9ZZE MEG A SZOLG\u00c1LTAT\u00c1SAIMAT & \ud83d\udc49 CHATELJEN MOST<\/button>\n        \n        <div class=\"ogc-accordion-content\" style=\"display: none;\">\n            <div class=\"ogc-tabs\">\n                <button class=\"ogc-tab-btn active\" data-tab=\"about\">R\u00d3LAM<\/button>\n                <button class=\"ogc-tab-btn\" data-tab=\"tours\">SZOLG\u00c1LTAT\u00c1SAIM<\/button>\n                <button class=\"ogc-tab-btn\" data-tab=\"reviews\">\u00c9RT\u00c9KEL\u00c9SEK<\/button>\n                <button class=\"ogc-tab-btn ogc-chat-tab\" data-tab=\"chat\">CSEVEGJEN MOST!<\/button>\n            <\/div>\n            \n            <div class=\"ogc-tab-content active\" data-content=\"about\">\n                <p>M\u00e9g Nincs Inform\u00e1ci\u00f3<\/p>            <\/div>\n\n            <div class=\"ogc-tab-content\" data-content=\"tours\">\n                <p>M\u00e9g Nincsenek Meghirdetett T\u00far\u00e1k<\/p>            <\/div>\n            \n            <div class=\"ogc-tab-content\" data-content=\"reviews\">\n                    <div class=\"ogc-reviews-section\">\n        \n                    <p class=\"ogc-no-reviews\">M\u00e9g nincsenek v\u00e9lem\u00e9nyek. Legyen \u00d6n az els\u0151, aki megosztja tapasztalatait!<\/p>\n                \n        <button class=\"ogc-add-review-btn\" onclick=\"ogcShowReviewForm(399046)\">V\u00e9lem\u00e9ny \u00cdr\u00e1sa<\/button>\n        \n        <div id=\"ogc-review-form-399046\" class=\"ogc-review-form\" style=\"display: none;\">\n            <h4>Ossza Meg Tapasztalatait<\/h4>\n            <form class=\"ogc-submit-review\" data-guide-id=\"399046\">\n                <input type=\"text\" name=\"reviewer_name\" placeholder=\"Az \u00d6n Neve\" required>\n                <input type=\"email\" name=\"reviewer_email\" placeholder=\"Az \u00d6n E-mail C\u00edme\" required>\n                <div class=\"ogc-star-rating-input\">\n                    <label>Az \u00d6n \u00e9rt\u00e9kel\u00e9se:<\/label>\n                    <div class=\"ogc-star-select\" data-guide-id=\"399046\">\n                        <span data-value=\"1\">\u2606<\/span>\n                        <span data-value=\"2\">\u2606<\/span>\n                        <span data-value=\"3\">\u2606<\/span>\n                        <span data-value=\"4\">\u2606<\/span>\n                        <span data-value=\"5\">\u2606<\/span>\n                    <\/div>\n                    <input type=\"hidden\" name=\"rating\" value=\"0\">\n                <\/div>\n                <textarea name=\"review_text\" rows=\"4\" placeholder=\"Mes\u00e9lje El Tapasztalatait Err\u0151l A Guide-r\u00f3l...\" required><\/textarea>\n                <button type=\"submit\">V\u00e9lem\u00e9ny K\u00fcld\u00e9se<\/button>\n                <button type=\"button\" onclick=\"ogcHideReviewForm(399046)\">M\u00e9gsem<\/button>\n            <\/form>\n        <\/div>\n    <\/div>\n                <\/div>\n            \n            <div class=\"ogc-tab-content\" data-content=\"chat\">\n                    <div class=\"ogc-chat-form-container\" data-guide-id=\"399046\">\n        <form class=\"ogc-start-chat-form\">\n            <h4>\u05d4\u05ea\u05d7\u05dc \u05e9\u05d9\u05d7\u05d4<\/h4>\n            <input type=\"text\" name=\"visitor_name\" placeholder=\"Az \u00d6n Neve \u00e9s Vezet\u00e9kneve\" required>\n            <input type=\"email\" name=\"visitor_email\" placeholder=\"Az \u00d6n E-mail C\u00edme\" required>\n            <div class=\"ogc-phone-group\">\n    <div style=\"position: relative; display: inline-block; width: 80px;\">\n        <span style=\"position: absolute; left: 10px; top: 50%; transform: translateY(-50%); color: #333; font-weight: bold; pointer-events: none;\">+<\/span>\n        <input type=\"text\" name=\"country_code_raw\" placeholder=\"90\" style=\"width: 80px; padding-left: 22px;\" required pattern=\"\\d{1,4}\" inputmode=\"numeric\" maxlength=\"4\">\n        <input type=\"hidden\" name=\"country_code\" value=\"\">\n    <\/div>\n    <input type=\"tel\" name=\"phone_number\" placeholder=\"555 123 4567\" required>\n<\/div>\n<small style=\"color: #666; display: block; margin-bottom: 10px;\">\n    Orsz\u00e1gk\u00f3d + Telefonsz\u00e1m<\/small>\n            <button type=\"submit\" class=\"ogc-start-chat-btn\">Cseveg\u00e9s Ind\u00edt\u00e1sa<\/button>\n        <\/form>\n    <\/div>\n                <\/div>\n        <\/div>\n    <\/div>\n                <\/div>\n    \n<p><a style=\"color: #b89553;\" href=\"https:\/\/officialguides.com\/contact-us\/\">\u00d6n enged\u00e9llyel rendelkez\u0151 idegenvezet\u0151? Csatlakozzon h\u00e1l\u00f3zatunkhoz itt.<\/a><\/p>\n<p style=\"background: #fff8ee; border: 1px solid #e0d8ce; padding: 0.9rem 1.2rem; font-size: 0.92rem; margin-top: 1.5rem;\">\ud83d\udca1 <strong>Tipp 2026-ra:<\/strong> A Katolikus Jubileum (2026-os Szent\u00e9v) esem\u00e9nyei miatt R\u00f3ma t\u00f6rt\u00e9nelmi l\u00e1togatotts\u00e1gi rekordokat d\u00f6nt. <strong>Priv\u00e1t idegenvezet\u0151<\/strong> lefoglal\u00e1sa legal\u00e1bb 4\u20136 h\u00e9ttel el\u0151re elengedhetetlen sz\u00fcks\u00e9gszer\u0171s\u00e9g, k\u00fcl\u00f6n\u00f6sen a f\u0151szezonban (\u00e1prilis\u2013okt\u00f3ber).<\/p>\n<h2>Mi\u00e9rt k\u00f6telez\u0151 a hivatalos idegenvezet\u0151 R\u00f3m\u00e1ban?<\/h2>\n<p>Navig\u00e1lni egy k\u00f6zel h\u00e1romezer \u00e9ves t\u00f6rt\u00e9nelemmel rendelkez\u0151 f\u0151v\u00e1rosban alapos felk\u00e9sz\u00fclts\u00e9get ig\u00e9nyel. R\u00f3ma egy hatalmas, leny\u0171g\u00f6z\u0151, de gyakran zavaros labirintusa az \u00f3kori romoknak, renesz\u00e1nsz palot\u00e1knak \u00e9s barokk templomoknak. Megfelel\u0151 t\u00f6rt\u00e9nelmi kontextus n\u00e9lk\u00fcl m\u00e9g a legh\u00edresebb m\u0171eml\u00e9kek is k\u00f6nnyen csak egy halom r\u00e9gi k\u0151nek t\u0171nhetnek. Egy tapasztalt <strong>priv\u00e1t idegenvezet\u0151 R\u00f3m\u00e1ban<\/strong> vil\u00e1gos strukt\u00far\u00e1t ad ennek a vizu\u00e1lis k\u00e1osznak. A sz\u00e1raz \u00e9vsz\u00e1mokat \u00e9s a bonyolult \u00e9p\u00edt\u00e9szeti r\u00e9szleteket logikus \u00e9s mag\u00e1val ragad\u00f3 t\u00f6rt\u00e9nett\u00e9 var\u00e1zsolja.<\/p>\n<p>A <strong>priv\u00e1t t\u00fara<\/strong> foglal\u00e1sa megszabad\u00edtja a nagy, zajos \u00e9s szem\u00e9lytelen turistacsoportok k\u00f6vet\u00e9s\u00e9nek stressz\u00e9t\u0151l. \u00d6n d\u00f6nti el a s\u00e9ta temp\u00f3j\u00e1t. A kommunik\u00e1ci\u00f3 k\u00f6zvetlen\u00fcl az \u00d6n anyanyelv\u00e9n (magyarul) folyik, ami jelent\u0151sen megk\u00f6nny\u00edti a bonyolult t\u00f6rt\u00e9nelmi esem\u00e9nyek, politikai intrik\u00e1k \u00e9s teol\u00f3giai fogalmak meg\u00e9rt\u00e9s\u00e9t. Teljes szabads\u00e1ga van abban, hogy b\u00e1rmikor k\u00e9rd\u00e9st tegyen fel, k\u00e1v\u00e9sz\u00fcnetet k\u00e9rjen, vagy megv\u00e1ltoztassa az \u00fatvonal f\u00f3kusz\u00e1t az aktu\u00e1lis \u00e9rdekl\u0151d\u00e9se alapj\u00e1n. Tekintse meg az <a style=\"color: #b89553;\" href=\"#rome-guides\">idegenvezet\u0151i profilokat<\/a> platformunkon, hogy megtervezze l\u00e1togat\u00e1s\u00e1t.<\/p>\n<figure style=\"width: 690px\" class=\"wp-caption aligncenter\"><img decoding=\"async\" src=\"https:\/\/officialguides.com\/wp-content\/uploads\/2026\/02\/private-colosseum-tour-guide.jpg\" alt=\"Magyar idegenvezet\u0151 R\u00f3m\u00e1ban az \u00f3kori t\u00f6rt\u00e9nelmet magyar\u00e1zza egy kis csoportnak a Colosseum belsej\u00e9ben\" width=\"700\" height=\"382\" \/><figcaption class=\"wp-caption-text\"><em>Kiz\u00e1r\u00f3lag enged\u00e9llyel rendelkez\u0151 szakember jogosult t\u00f6rt\u00e9nelmi magyar\u00e1zatot adni v\u00e9dett r\u00e9g\u00e9szeti ter\u00fcleteken.<\/em><\/figcaption><\/figure>\n<h2>Hogyan ellen\u0151rizhetj\u00fck az idegenvezet\u0151 enged\u00e9ly\u00e9t R\u00f3m\u00e1ban<\/h2>\n<p>Az idegenvezet\u0151i szakm\u00e1t Olaszorsz\u00e1gban szigor\u00faan szab\u00e1lyozza a t\u00f6rv\u00e9ny, mind az utaz\u00f3k, mind mag\u00e1nak a kultur\u00e1lis \u00f6r\u00f6ks\u00e9gnek a v\u00e9delme \u00e9rdek\u00e9ben. A <em>Legge 190\/2023<\/em> t\u00f6rv\u00e9ny \u00e9s a <em>Decreto 88\/2024<\/em> v\u00e9grehajt\u00e1si rendelet jelenlegi el\u0151\u00edr\u00e1sai szerint kiz\u00e1r\u00f3lag hivatalosan regisztr\u00e1lt \u00e9s ellen\u0151rz\u00f6tt szem\u00e9lyek tarthatnak kultur\u00e1lis vezet\u00e9seket. Ezek a szak\u00e9rt\u0151k az <em>Elenco Nazionale delle Guide Turistiche<\/em> nev\u0171 nemzeti nyilv\u00e1ntart\u00e1sban szerepelnek. Ennek az enged\u00e9lynek a megszerz\u00e9se rendk\u00edv\u00fcl neh\u00e9z folyamat. A jel\u00f6lteknek szigor\u00fa \u00e1llami vizsg\u00e1kat kell tenni\u00fck, ahol bizony\u00edtj\u00e1k r\u00e9szletes tud\u00e1sukat a R\u00f3mai Birodalom t\u00f6rt\u00e9net\u00e9r\u0151l, az \u00e9p\u00edt\u00e9szetr\u0151l, a helyi f\u00f6ldrajzr\u00f3l \u00e9s a m\u0171eml\u00e9kv\u00e9delmi t\u00f6rv\u00e9nyekr\u0151l. Hasonl\u00f3an Magyarorsz\u00e1ghoz, ahol az idegenvezet\u0151i tev\u00e9kenys\u00e9g szint\u00e9n \u00e1llami szab\u00e1lyoz\u00e1s al\u00e1 esik, az olasz <em>Patentino<\/em> \u00e1llami min\u0151s\u00e9gi garanci\u00e1t jelent a szakma gyakorl\u00e1s\u00e1hoz.<\/p>\n<p>Ennek a k\u00e9pes\u00edt\u00e9snek a fizikai bizony\u00edt\u00e9ka a hivatalos igazolv\u00e1ny, az \u00fagynevezett <em>Patentino<\/em>. Az idegenvezet\u0151nek t\u00f6rv\u00e9nyi k\u00f6teless\u00e9ge, hogy ezt az azonos\u00edt\u00f3 k\u00e1rty\u00e1t j\u00f3l l\u00e1that\u00f3 helyen viselje a munkaideje alatt. Az olasz turistarend\u0151rs\u00e9g mindennapos, szigor\u00fa ellen\u0151rz\u00e9seket tart a f\u0151bb m\u0171eml\u00e9kekn\u00e9l. Az enged\u00e9ly n\u00e9lk\u00fcl dolgoz\u00f3 szem\u00e9lyeket hatalmas p\u00e9nzb\u00edrs\u00e1ggal b\u00fcntetik. Azok a turist\u00e1k, akik illeg\u00e1lis k\u00eds\u00e9r\u0151ket b\u00e9relnek fel, azt kock\u00e1ztatj\u00e1k, hogy a rend\u0151rs\u00e9g az utca k\u00f6zep\u00e9n megszak\u00edtja a t\u00far\u00e1jukat. Kiz\u00e1r\u00f3lag egy <strong>hivatalos idegenvezet\u0151<\/strong>nek van t\u00f6rv\u00e9nyes joga el\u0151ad\u00e1st tartani a m\u00fazeumok, templomok \u00e9s v\u00e9dett r\u00e9g\u00e9szeti z\u00f3n\u00e1k belsej\u00e9ben. B\u00e1rmely enged\u00e9ly \u00e9rv\u00e9nyess\u00e9g\u00e9t \u00d6n is ellen\u0151rizheti a <a href=\"https:\/\/www.ministeroturismo.gov.it\/piattaforma-nazionale-delle-guide-turistiche\/\" target=\"_blank\" rel=\"noopener\"><em>Ministero del Turismo<\/em> nyilv\u00e1nos port\u00e1lj\u00e1n<\/a>.<\/p>\n<figure style=\"width: 1014px\" class=\"wp-caption aligncenter\"><img decoding=\"async\" src=\"https:\/\/officialguides.com\/wp-content\/uploads\/2026\/02\/official-rome-tour-guide-license-patentino-badge.jpg\" alt=\"K\u00f6zeli felv\u00e9tel a hivatalos Patentino kit\u0171z\u0151r\u0151l, az olasz enged\u00e9lyes idegenvezet\u0151k azonos\u00edt\u00f3j\u00e1r\u00f3l\" width=\"1024\" height=\"572\" \/><figcaption class=\"wp-caption-text\"><em>Az \u00e1llami azonos\u00edt\u00f3 (<em>Patentino<\/em>) igazolja, hogy az idegenvezet\u0151 sikeresen letette az \u00e1llami vizsg\u00e1kat.<\/em><\/figcaption><\/figure>\n<h2>Milyen priv\u00e1t t\u00far\u00e1kat foglalhat R\u00f3m\u00e1ban?<\/h2>\n<div class=\"ptr-types-grid\">\n<div class=\"ptr-type-item\">\n<h3>\u00d3kori R\u00f3ma \u00e9s a Colosseum<\/h3>\n<p>Az ar\u00e9na, a Forum Romanum, a Palatinus \u2014 egyetlen kombin\u00e1lt jegy a cs\u00e1sz\u00e1ri R\u00f3ma sz\u00edv\u00e9be. Az enged\u00e9llyel rendelkez\u0151 idegenvezet\u0151k <strong>els\u0151bbs\u00e9gi sort (<em>salta fila<\/em>)<\/strong> haszn\u00e1lnak a Colosseum bej\u00e1rat\u00e1n\u00e1l.<\/p>\n<\/div>\n<div class=\"ptr-type-item\">\n<h3>Vatik\u00e1ni M\u00fazeumok \u00e9s a Sixtus-k\u00e1polna<\/h3>\n<p>Vezetett s\u00e9ta a vil\u00e1g egyik legnagyobb m\u0171v\u00e9szeti gy\u0171jtem\u00e9ny\u00e9n \u00e1t, melynek cs\u00facspontja a <em>Cappella Sistina<\/em>. Az enged\u00e9llyel rendelkez\u0151 idegenvezet\u0151k foglalt id\u0151s\u00e1vval l\u00e9pnek be. Magyar l\u00e1togat\u00f3k sz\u00e1m\u00e1ra a vatik\u00e1ni l\u00e1togat\u00e1s kieg\u00e9sz\u00fclhet a <strong>Magyarok Nagyasszonya-k\u00e1polna<\/strong> megtekint\u00e9s\u00e9vel a Szent P\u00e9ter-bazilika altemplom\u00e1ban \u2014 egyed\u00fcl\u00e1ll\u00f3 lelki \u00e9s kultur\u00e1lis kapocs a magyars\u00e1g \u00e9s R\u00f3ma k\u00f6z\u00f6tt. <a href=\"https:\/\/www.museivaticani.va\/\" target=\"_blank\" rel=\"noopener\">A Vatik\u00e1ni M\u00fazeumok hivatalos weboldala \u2192<\/a><\/p>\n<\/div>\n<div class=\"ptr-type-item\">\n<h3>Barokk \u00e9s renesz\u00e1nsz \u2014 gyalogos t\u00fara<\/h3>\n<p><strong>Pantheon<\/strong>, <em>Piazza Navona<\/em>, <em>Trevi-k\u00fat<\/em>, <em>Spanyol l\u00e9pcs\u0151<\/em>. Magyar vend\u00e9gek sz\u00e1m\u00e1ra az idegenvezet\u0151 gyakran beiktat egy meg\u00e1ll\u00f3t a Via Giuli\u00e1n tal\u00e1lhat\u00f3 <strong>Falconieri-palot\u00e1n\u00e1l<\/strong> \u2014 az 1928 \u00f3ta m\u0171k\u00f6d\u0151 <strong>R\u00f3mai Magyar Akad\u00e9mia<\/strong> sz\u00e9khely\u00e9n\u00e9l, amelyet Klebelsberg Kun\u00f3 kultuszminiszter alap\u00edtott, s az\u00f3ta is a magyar kult\u00fara r\u00f3mai kapcsol\u00f3d\u00e1si pontja.<\/p>\n<\/div>\n<div class=\"ptr-type-item\">\n<h3>Gasztron\u00f3mia, negyedek \u00e9s kir\u00e1ndul\u00e1sok<\/h3>\n<p><em>Trastevere<\/em>, <em>Testaccio<\/em>, a Zsid\u00f3 Negyed vagy egynapos kir\u00e1ndul\u00e1sok <strong>Tivoliba<\/strong> \u00e9s <strong>Ostia Antic\u00e1ba<\/strong>. Az idegenvezet\u0151 az utc\u00e1k t\u00f6rt\u00e9nelm\u00e9t k\u00f3stol\u00f3val \u00f6tv\u00f6zi \u2014 <em>suppl\u00ec<\/em>, <em>pizza al taglio<\/em> \u00e9s s\u00fclt artics\u00f3ka.<\/p>\n<\/div>\n<\/div>\n<p>R\u00e9szletes \u00fatvonalak id\u0151beoszt\u00e1ssal az oldalunkon: <a style=\"color: #b89553;\" href=\"https:\/\/officialguides.com\/europe\/italy\/rome\/private-tours\/\">priv\u00e1t t\u00far\u00e1k R\u00f3m\u00e1ban<\/a>.<\/p>\n<h2>Mennyibe ker\u00fcl egy priv\u00e1t idegenvezet\u0151 R\u00f3m\u00e1ban?<\/h2>\n<p>Az al\u00e1bbi \u00e1rak a 2026-os piaci \u00e1rakat t\u00fckr\u00f6zik egy <strong>magyar idegenvezet\u0151<\/strong> eset\u00e9ben R\u00f3m\u00e1ban. Minden \u00f6sszeg csoportonk\u00e9nt \u00e9rtend\u0151, nem szem\u00e9lyenk\u00e9nt \u2014 ami a <strong>priv\u00e1t vezet\u00e9st<\/strong> meglep\u0151en gazdas\u00e1goss\u00e1 teszi csal\u00e1dok \u00e9s kis t\u00e1rsas\u00e1gok sz\u00e1m\u00e1ra.<\/p>\n<table style=\"width: 100%; border-collapse: collapse; font-size: 0.93rem; margin: 1.2rem 0 1.8rem;\">\n<thead>\n<tr style=\"border-bottom: 2px solid #b89553; text-align: left;\">\n<th style=\"padding: 0.6rem 0.8rem;\">Szolg\u00e1ltat\u00e1s t\u00edpusa<\/th>\n<th style=\"padding: 0.6rem 0.8rem;\">Becs\u00fclt \u00e1r (Guide Fee, csoportonk\u00e9nt)<\/th>\n<th style=\"padding: 0.6rem 0.8rem;\">Ide\u00e1lis<\/th>\n<\/tr>\n<\/thead>\n<tbody>\n<tr style=\"border-bottom: 1px solid #e0d8ce;\">\n<td style=\"padding: 0.6rem 0.8rem;\"><strong>F\u00e9l nap (3\u20134 \u00f3ra)<\/strong><\/td>\n<td style=\"padding: 0.6rem 0.8rem;\"><strong>\u20ac240 \u2013 \u20ac390<\/strong><\/td>\n<td style=\"padding: 0.6rem 0.8rem;\">Vatik\u00e1n vagy Colosseum m\u00e9lyebben<\/td>\n<\/tr>\n<tr style=\"border-bottom: 1px solid #e0d8ce;\">\n<td style=\"padding: 0.6rem 0.8rem;\"><strong>Eg\u00e9sz nap (6\u20138 \u00f3ra)<\/strong><\/td>\n<td style=\"padding: 0.6rem 0.8rem;\"><strong>\u20ac460 \u2013 \u20ac590<\/strong><\/td>\n<td style=\"padding: 0.6rem 0.8rem;\">Teljes v\u00e1ros\u00e1ttekint\u00e9s<\/td>\n<\/tr>\n<tr>\n<td style=\"padding: 0.6rem 0.8rem;\"><strong>\u00d3rad\u00edj<\/strong><\/td>\n<td style=\"padding: 0.6rem 0.8rem;\"><strong>\u20ac60 \u2013 \u20ac100<\/strong><\/td>\n<td style=\"padding: 0.6rem 0.8rem;\">Szem\u00e9lyre szabott \u00e9lm\u00e9nyek<\/td>\n<\/tr>\n<\/tbody>\n<\/table>\n<p>Bel\u00e9p\u0151jegyek (<strong>Colosseum: \u20ac16\u2013\u20ac24<\/strong>; <strong>Vatik\u00e1ni M\u00fazeumok: \u20ac20<\/strong>; <strong>Borghese Gal\u00e9ria: \u20ac15<\/strong>) \u00e1ltal\u00e1ban nincsenek benne a tiszteletd\u00edjban. Sok idegenvezet\u0151 tud <strong>id\u0151s\u00e1vos jegyeket<\/strong> v\u00e1s\u00e1rolni az \u00d6n nev\u00e9ben \u2014 er\u0151s\u00edtse meg foglal\u00e1sakor.<\/p>\n<h2>Mit tartalmaz a priv\u00e1t idegenvezet\u0151 szolg\u00e1ltat\u00e1sa?<\/h2>\n<p><strong>\u00c1ltal\u00e1ban tartalmazza:<\/strong> az idegenvezet\u0151 idej\u00e9t \u00e9s szaktud\u00e1s\u00e1t, \u00fatvonaltervez\u00e9st az \u00d6n \u00e9rdekl\u0151d\u00e9se alapj\u00e1n, helysz\u00edni t\u00f6rt\u00e9nelmi komment\u00e1rt, els\u0151bbs\u00e9gi bel\u00e9p\u00e9s koordin\u00e1l\u00e1s\u00e1t (ahol lehets\u00e9ges), \u00e9tterem- \u00e9s k\u00f6zleked\u00e9si aj\u00e1nl\u00e1sokat.<\/p>\n<p><strong>\u00c1ltal\u00e1ban nem tartalmazza:<\/strong> bel\u00e9p\u0151jegyeket (ha nincs m\u00e1sk\u00e9nt meg\u00e1llapodva), \u00e9tkez\u00e9seket \u00e9s italokat, mag\u00e1nk\u00f6zleked\u00e9st vagy taxit, borraval\u00f3t. Egyes idegenvezet\u0151k teljes csomagot k\u00edn\u00e1lnak el\u0151re megv\u00e1s\u00e1rolt jegyekkel \u2014 mindig k\u00e9rdezzen az els\u0151 kapcsolatfelv\u00e9telkor.<\/p>\n<figure style=\"width: 690px\" class=\"wp-caption aligncenter\"><img decoding=\"async\" src=\"https:\/\/officialguides.com\/wp-content\/uploads\/2026\/02\/cost-price-english-guiding-rome-italy.jpg\" alt=\"Magyar nyelv\u0171 idegenvezet\u0151 fagylaltot eszik utaz\u00f3kkal a Pantheon el\u0151tti t\u00e9ren R\u00f3m\u00e1ban\" width=\"700\" height=\"382\" \/><figcaption class=\"wp-caption-text\"><em>A priv\u00e1t t\u00fara teljes szabads\u00e1got ad a pihen\u0151k megtart\u00e1s\u00e1ra \u00e9s a temp\u00f3 be\u00e1ll\u00edt\u00e1s\u00e1ra, m\u00e9g a legforgalmasabb tereken is.<\/em><\/figcaption><\/figure>\n<h2>K\u00e9sz\u00edthet az idegenvezet\u0151 szem\u00e9lyre szabott \u00fatvonalat?<\/h2>\n<p>Platformunkon minden <strong>priv\u00e1t idegenvezet\u0151 R\u00f3m\u00e1ban<\/strong> az \u00d6n \u00e9rdekl\u0151d\u00e9se, temp\u00f3ja \u00e9s rendelkez\u00e9sre \u00e1ll\u00f3 ideje alapj\u00e1n tervezi az \u00fatvonalakat. A legn\u00e9pszer\u0171bb form\u00e1tumok: f\u00e9l nap egy f\u0151 l\u00e1tnival\u00f3ra \u00f6sszpontos\u00edtva (Colosseum-k\u00f6rzet vagy Vatik\u00e1n), eg\u00e9sz nap k\u00e9t-h\u00e1rom negyeddel, \u00e9s tematikus s\u00e9t\u00e1k a gasztron\u00f3mia vagy a barokk m\u0171v\u00e9szet t\u00e9m\u00e1j\u00e1ban.<\/p>\n<p>R\u00e9szletes \u00fatvonalak az oldalunkon: <a style=\"color: #b89553;\" href=\"https:\/\/officialguides.com\/europe\/italy\/rome\/private-tours\/\">priv\u00e1t t\u00far\u00e1k R\u00f3m\u00e1ban<\/a>.<\/p>\n<h2>Priv\u00e1t idegenvezet\u0151 vagy csoportos kir\u00e1ndul\u00e1s R\u00f3m\u00e1ban?<\/h2>\n<table style=\"width: 100%; border-collapse: collapse; font-size: 0.93rem; margin: 1.2rem 0 1.8rem;\">\n<thead>\n<tr style=\"border-bottom: 2px solid #b89553; text-align: left;\">\n<th style=\"padding: 0.6rem 0.8rem;\"><\/th>\n<th style=\"padding: 0.6rem 0.8rem;\">Priv\u00e1t idegenvezet\u0151<\/th>\n<th style=\"padding: 0.6rem 0.8rem;\">Csoportos kir\u00e1ndul\u00e1s (15\u201330 f\u0151)<\/th>\n<\/tr>\n<\/thead>\n<tbody>\n<tr style=\"border-bottom: 1px solid #e0d8ce;\">\n<td style=\"padding: 0.6rem 0.8rem;\"><strong>Temp\u00f3<\/strong><\/td>\n<td style=\"padding: 0.6rem 0.8rem;\">Teljesen rugalmas<\/td>\n<td style=\"padding: 0.6rem 0.8rem;\">Fix id\u0151beoszt\u00e1s mindenkinek<\/td>\n<\/tr>\n<tr style=\"border-bottom: 1px solid #e0d8ce;\">\n<td style=\"padding: 0.6rem 0.8rem;\"><strong>\u00datvonal<\/strong><\/td>\n<td style=\"padding: 0.6rem 0.8rem;\">Az \u00d6n \u00e9rdekl\u0151d\u00e9se alapj\u00e1n<\/td>\n<td style=\"padding: 0.6rem 0.8rem;\">Csak el\u0151re meghat\u00e1rozott pontok<\/td>\n<\/tr>\n<tr style=\"border-bottom: 1px solid #e0d8ce;\">\n<td style=\"padding: 0.6rem 0.8rem;\"><strong>Sorok<\/strong><\/td>\n<td style=\"padding: 0.6rem 0.8rem;\"><em>Salta fila<\/em> a legt\u00f6bb helyen<\/td>\n<td style=\"padding: 0.6rem 0.8rem;\">Els\u0151bbs\u00e9gi sor (a csoporttal megosztva)<\/td>\n<\/tr>\n<tr style=\"border-bottom: 1px solid #e0d8ce;\">\n<td style=\"padding: 0.6rem 0.8rem;\"><strong>K\u00f6lts\u00e9g \/ f\u0151 (4 f\u0151)<\/strong><\/td>\n<td style=\"padding: 0.6rem 0.8rem;\">~\u20ac60\u2013\u20ac100 (f\u00e9l nap)<\/td>\n<td style=\"padding: 0.6rem 0.8rem;\">~\u20ac45\u2013\u20ac70<\/td>\n<\/tr>\n<tr style=\"border-bottom: 1px solid #e0d8ce;\">\n<td style=\"padding: 0.6rem 0.8rem;\"><strong>Gyerekek<\/strong><\/td>\n<td style=\"padding: 0.6rem 0.8rem;\">Igaz\u00edtott t\u00f6rt\u00e9netek, sz\u00fcnetek, babakocsis \u00fatvonalak<\/td>\n<td style=\"padding: 0.6rem 0.8rem;\">Standard temp\u00f3, kev\u00e9s rugalmass\u00e1g<\/td>\n<\/tr>\n<tr>\n<td style=\"padding: 0.6rem 0.8rem;\"><strong>K\u00e9pes\u00edt\u00e9s<\/strong><\/td>\n<td style=\"padding: 0.6rem 0.8rem;\">Ellen\u0151rz\u00f6tt <em>Patentino<\/em> tulajdonos<\/td>\n<td style=\"padding: 0.6rem 0.8rem;\">Az \u00fczemeltet\u0151t\u0151l f\u00fcgg<\/td>\n<\/tr>\n<\/tbody>\n<\/table>\n<p>Egyed\u00fcl utaz\u00f3k vagy p\u00e1rok sz\u00e1m\u00e1ra sz\u0171k\u00f6s b\u00fcdzs\u00e9vel a csoportos kir\u00e1ndul\u00e1s \u00e9sszer\u0171 lehet\u0151s\u00e9g. H\u00e1rom vagy t\u00f6bb f\u0151s csal\u00e1dok eset\u00e9ben a <strong>priv\u00e1t idegenvezet\u0151<\/strong> szem\u00e9lyenk\u00e9nti k\u00f6lts\u00e9ge megk\u00f6zel\u00edti a csoportos\u00e9t \u2014 \u00f6sszehasonl\u00edthatatlanul gazdagabb \u00e9lm\u00e9nnyel.<\/p>\n<figure style=\"width: 690px\" class=\"wp-caption aligncenter\"><img decoding=\"async\" src=\"https:\/\/officialguides.com\/wp-content\/uploads\/2026\/02\/personalized-itineries-hidden-gems-trastevere.jpg\" alt=\"Magyar idegenvezet\u0151 utaz\u00f3kkal s\u00e9t\u00e1l a Trastevere negyed rejtett kis utc\u00e1j\u00e1ban R\u00f3m\u00e1ban\" width=\"700\" height=\"382\" \/><figcaption class=\"wp-caption-text\"><em>A kev\u00e9sb\u00e9 turist\u00e1s negyedek felfedez\u00e9se helyi ismer\u0151ssel megmutatja R\u00f3ma val\u00f3di arc\u00e1t.<\/em><\/figcaption><\/figure>\n<h2>Gyakorlati tippek idegenvezet\u0151 foglal\u00e1sa el\u0151tt R\u00f3m\u00e1ban<\/h2>\n<p><strong>Ellen\u0151rizze a <em>Patentin\u00f3t<\/em>.<\/strong> A foglal\u00e1s meger\u0151s\u00edt\u00e9se el\u0151tt k\u00e9rje el az idegenvezet\u0151 nyilv\u00e1ntart\u00e1si sz\u00e1m\u00e1t, vagy szkennelje be a digit\u00e1lis QR-k\u00f3dot a <a href=\"https:\/\/www.ministeroturismo.gov.it\/piattaforma-nazionale-delle-guide-turistiche\/\" target=\"_blank\" rel=\"noopener\">Turisztikai Miniszt\u00e9rium platformj\u00e1n<\/a>.<\/p>\n<p><strong>Foglaljon kor\u00e1n.<\/strong> A 2026-os szezonra a legjobb 4\u20138 h\u00e9ttel el\u0151re kapcsolatba l\u00e9pni. A kereslet k\u00fcl\u00f6n\u00f6sen magas \u00e1prilist\u00f3l okt\u00f3berig.<\/p>\n<p><strong>Tiszt\u00e1zza, mit tartalmaz az \u00e1r.<\/strong> Egyes idegenvezet\u0151k a jegyv\u00e1s\u00e1rl\u00e1st is belefoglalj\u00e1k a sz\u00e1ml\u00e1jukba; m\u00e1sok a <a href=\"https:\/\/www.coopculture.it\/\" target=\"_blank\" rel=\"noopener\">CoopCulture<\/a> (Colosseum) vagy a <a href=\"https:\/\/www.museivaticani.va\/content\/museivaticani\/en.html#lnav_shop\" target=\"_blank\" rel=\"noopener\">Vatik\u00e1ni M\u00fazeumok weboldal\u00e1n<\/a> kereszt\u00fcli v\u00e1s\u00e1rl\u00e1st k\u00e9rik. K\u00e9rdezzen az els\u0151 \u00fczenet\u00e9ben.<\/p>\n<p><strong>A borraval\u00f3 sz\u00edvesen fogadott, de nem k\u00f6telez\u0151.<\/strong> \u20ac10\u2013\u20ac20 egy f\u00e9lnapos t\u00far\u00e1\u00e9rt helyi m\u00e9rc\u00e9vel m\u00e9rve nagylelk\u0171 gesztus. Tov\u00e1bbi tippek \u00f6lt\u00f6zk\u00f6d\u00e9shez \u00e9s k\u00f6zleked\u00e9shez az oldalunkon: <a style=\"color: #b89553;\" href=\"https:\/\/officialguides.com\/europe\/italy\/rome\/private-tours\/\">priv\u00e1t t\u00far\u00e1k R\u00f3m\u00e1ban<\/a>.<\/p>\n<h2>A m\u0171eml\u00e9keken t\u00fal: mit tud m\u00e9g megszervezni az idegenvezet\u0151je?<\/h2>\n<p>Egy j\u00f3 <strong>magyar idegenvezet\u0151 R\u00f3m\u00e1ban<\/strong> egyben az \u00d6n helyi kapcsolattart\u00f3ja is mindenhez. \u00c9ttermi aj\u00e1nl\u00e1sok t\u00e1vol a turistacsapd\u00e1kt\u00f3l. Logisztikai tan\u00e1csok az ATAC t\u00f6megk\u00f6zleked\u00e9sr\u0151l, taxir\u00f3l vagy mag\u00e1nsof\u0151rr\u0151l. Helyek, amelyeket a legt\u00f6bb l\u00e1togat\u00f3 sosem fedez fel: a <strong>kulcslyuk az Aventinuson<\/strong>, a <em>Via Appia Antica<\/em> vagy a leny\u0171g\u00f6z\u0151 <em>Palazzo Doria Pamphilj<\/em>. K\u00fcl\u00f6n\u00f6sen \u00e9rdekes magyar vend\u00e9gek sz\u00e1m\u00e1ra a <strong>R\u00f3mai Magyar Akad\u00e9mia<\/strong> k\u00f6rny\u00e9ke a Via Giuli\u00e1n, valamint a <strong>Santo Stefano Rotondo<\/strong> k\u00f6rtemplom, amely az egyik leg\u0151sibb k\u00f6zponti alaprajz\u00fa kereszt\u00e9ny \u00e9p\u00fclet R\u00f3m\u00e1ban.<\/p>\n<p>Egynapos kir\u00e1ndul\u00e1sok <strong>Tivoliba<\/strong> (<em>Villa d&#8217;Este<\/em> \u00e9s Hadrianus vill\u00e1ja), <strong>Ostia Antic\u00e1ba<\/strong> vagy a <strong>Castelli Romani<\/strong> borfalvaiba \u2014 mind 45 percen bel\u00fcl. R\u00e9szletek az oldalunkon: <a style=\"color: #b89553;\" href=\"https:\/\/officialguides.com\/europe\/italy\/rome\/private-tours\/\">priv\u00e1t t\u00far\u00e1k R\u00f3m\u00e1ban<\/a>.<\/p>\n<h2>Gyakran ism\u00e9telt k\u00e9rd\u00e9sek a priv\u00e1t idegenvezet\u0151kr\u0151l R\u00f3m\u00e1ban<\/h2>\n<details class=\"ptr-faq\" open=\"open\">\n<summary>Mennyibe ker\u00fcl egy priv\u00e1t idegenvezet\u0151 R\u00f3m\u00e1ban?<\/summary>\n<p>Az \u00e1rak a tapasztalatt\u00f3l \u00e9s az id\u0151tartamt\u00f3l f\u00fcggenek. Az \u00e1tlag <strong>\u20ac60\u2013\u20ac100 \u00f3r\u00e1nk\u00e9nt<\/strong>, <strong>\u20ac240\u2013\u20ac390<\/strong> f\u00e9l napra \u00e9s <strong>\u20ac460\u2013\u20ac590<\/strong> eg\u00e9sz napra (6\u20138 \u00f3ra). \u00c1rak csoportonk\u00e9nt. Jegyek, \u00e9tkez\u00e9s \u00e9s k\u00f6zleked\u00e9s k\u00fcl\u00f6n.<\/p>\n<\/details>\n<details class=\"ptr-faq\" open=\"open\">\n<summary>A t\u00fara tartalmaz els\u0151bbs\u00e9gi bel\u00e9p\u00e9st (<em>salta fila<\/em>)?<\/summary>\n<p>Sok idegenvezet\u0151 tud els\u0151bbs\u00e9gi bel\u00e9p\u00e9st biztos\u00edtani a Colosseumba, a Vatik\u00e1ni M\u00fazeumokba \u00e9s a Borghese Gal\u00e9ri\u00e1ba, de a jegyek nem mindig szerepelnek az alap\u00e1rban. Er\u0151s\u00edtse meg az els\u0151 kapcsolatfelv\u00e9telkor.<\/p>\n<\/details>\n<details class=\"ptr-faq\" open=\"open\">\n<summary>Mennyivel el\u0151re foglaljak idegenvezet\u0151t?<\/summary>\n<p>A legjobb v\u00e1laszt\u00e9k\u00e9rt l\u00e9pjen kapcsolatba 4\u20138 h\u00e9ttel el\u0151re, k\u00fcl\u00f6n\u00f6sen a f\u0151szezonban (\u00e1prilis\u2013okt\u00f3ber). Tervez\u00e9si tippek az oldalunkon: <a style=\"color: #b89553;\" href=\"https:\/\/officialguides.com\/europe\/italy\/rome\/private-tours\/\">priv\u00e1t t\u00far\u00e1k R\u00f3m\u00e1ban<\/a>.<\/p>\n<\/details>\n<details class=\"ptr-faq\" open=\"open\">\n<summary>Hogyan ellen\u0151rizhetem az idegenvezet\u0151 enged\u00e9ly\u00e9t?<\/summary>\n<p>Olaszorsz\u00e1gban minden enged\u00e9llyel rendelkez\u0151 idegenvezet\u0151 regisztr\u00e1lva van az <a href=\"https:\/\/www.ministeroturismo.gov.it\/piattaforma-nazionale-delle-guide-turistiche\/\" target=\"_blank\" rel=\"noopener\">Idegenvezet\u0151k Nemzeti Platformj\u00e1n<\/a>. Minden idegenvezet\u0151nek van QR-k\u00f3dja, amely a nyilv\u00e1ntart\u00e1sbeli profilj\u00e1hoz kapcsol\u00f3dik.<\/p>\n<\/details>\n<details class=\"ptr-faq\" open=\"open\">\n<summary>Mi az a <em>Patentino<\/em>?<\/summary>\n<p>A <em>Patentino<\/em> az olaszorsz\u00e1gi hivatalos idegenvezet\u0151i enged\u00e9ly, amelyet r\u00e9g\u00e9szet, m\u0171v\u00e9szett\u00f6rt\u00e9net \u00e9s \u00f6r\u00f6ks\u00e9gv\u00e9delmi jogszab\u00e1lyok ter\u00e9n tett \u00e1llami vizsg\u00e1k let\u00e9tele ut\u00e1n adnak ki. Az olasz t\u00f6rv\u00e9ny (<em>Legge 190\/2023<\/em>) szerint csak ennek a dokumentumnak a birtokosai vezethetnek leg\u00e1lisan l\u00e1togat\u00f3kat a v\u00e9dett m\u0171eml\u00e9kekben.<\/p>\n<\/details>\n<details class=\"ptr-faq\" open=\"open\">\n<summary>Tudok <strong>priv\u00e1t magyar idegenvezet\u0151t<\/strong> foglalni R\u00f3m\u00e1ban?<\/summary>\n<p>Igen. Platformunk hivatalos enged\u00e9llyel rendelkez\u0151 <strong>magyar idegenvezet\u0151ket<\/strong> t\u00f6m\u00f6r\u00edt R\u00f3m\u00e1ban \u2014 mindannyian <em>Patentino<\/em>-tulajdonosok. <a style=\"color: #b89553;\" href=\"#rome-guides\">Tekintse meg az idegenvezet\u0151i profilokat fent.<\/a><\/p>\n<\/details>\n<details class=\"ptr-faq\" open=\"open\">\n<summary>Alkalmasak a priv\u00e1t t\u00far\u00e1k gyerekes csal\u00e1doknak?<\/summary>\n<p>Felt\u00e9tlen\u00fcl. Az idegenvezet\u0151 igaz\u00edtja a temp\u00f3t, a meg\u00e1ll\u00f3kat \u00e9s a mes\u00e9l\u00e9si st\u00edlust a gyerekekhez \u2014 Romulus \u00e9s Remus m\u00edtoszai el\u0151ad\u00e1sok helyett, fagylaltsz\u00fcnetek (<em>gelato<\/em>) \u00e9s babakocsival j\u00e1rhat\u00f3 \u00fatvonalak.<\/p>\n<\/details>\n<details class=\"ptr-faq\" open=\"open\">\n<summary>Mi a k\u00fcl\u00f6nbs\u00e9g az idegenvezet\u0151 \u00e9s a t\u00faravezet\u0151 k\u00f6z\u00f6tt?<\/summary>\n<p>Az idegenvezet\u0151 hivatalos vizsg\u00e1kat tett le \u00e9s regisztr\u00e1lva van a nemzeti platformon. Csak az idegenvezet\u0151nek van t\u00f6rv\u00e9nyes joga magyar\u00e1zatot adni a v\u00e9dett m\u0171eml\u00e9kek belsej\u00e9ben. A t\u00faravezet\u0151 (<em>tour leader<\/em>) a logisztik\u00e1t int\u00e9zi, de nem m\u0171k\u00f6dhet idegenvezet\u0151k\u00e9nt a m\u0171eml\u00e9kek belsej\u00e9ben. <em>Patentino<\/em> n\u00e9lk\u00fcli munkav\u00e9gz\u00e9s az olasz t\u00f6rv\u00e9ny megs\u00e9rt\u00e9se.<\/p>\n<\/details>\n<div class=\"ptr-cta\">\n<h2>Tervezze meg utaz\u00e1s\u00e1t priv\u00e1t idegenvezet\u0151vel R\u00f3m\u00e1ban<\/h2>\n<p>Tekintse meg a fenti <strong>enged\u00e9lyes magyar idegenvezet\u0151k<\/strong> profilj\u00e1t, ellen\u0151rizze az el\u00e9rhet\u0151s\u00e9get, \u00e9s kezdjen k\u00f6zvetlen besz\u00e9lget\u00e9st \u2014 \u00fcgyn\u00f6ks\u00e9gi d\u00edjak \u00e9s k\u00f6zvet\u00edt\u0151k n\u00e9lk\u00fcl.<\/p>\n<p><a class=\"ptr-btn\" href=\"#rome-guides\">Idegenvezet\u0151i profilok megtekint\u00e9se<\/a><\/p>\n<\/div>\n<p style=\"font-size: 0.82rem; color: #999; margin-top: 2rem;\">Megjegyz\u00e9s: Az OfficialGuides egy piact\u00e9r, amely utaz\u00f3kat k\u00f6t \u00f6ssze enged\u00e9llyel rendelkez\u0151 idegenvezet\u0151kkel; nem utaz\u00e1si iroda, \u00e9s nem \u00e1rul vagy n\u00e9pszer\u0171s\u00edt t\u00far\u00e1kat. <a style=\"color: #999;\" href=\"https:\/\/officialguides.com\/disclaimer-and-privacy-policy\/\">Olvassa el a jogi nyilatkozatot \u00e9s az adatv\u00e9delmi ir\u00e1nyelveket<\/a><\/p>\n<\/div>\n","protected":false},"excerpt":{"rendered":"<p>R\u00f6viden \u2014 Priv\u00e1t idegenvezet\u0151k \u00e1rai R\u00f3m\u00e1ban (2026) Egy enged\u00e9llyel rendelkez\u0151 priv\u00e1t idegenvezet\u0151 R\u00f3m\u00e1ban \u00e1ltal\u00e1ban \u00f3r\u00e1nk\u00e9nt 60\u2013100 eur\u00f3t k\u00e9r csoportonk\u00e9nt (nem szem\u00e9lyenk\u00e9nt \u2014 ami egy n\u00e9gyf\u0151s csoport eset\u00e9ben mind\u00f6ssze 15\u201325 eur\u00f3t jelent fejenk\u00e9nt). Az enged\u00e9llyel rendelkez\u0151 idegenvezet\u0151k seg\u00edthetnek abban is, hogy kihagyja a hossz\u00fa jegyv\u00e1s\u00e1rl\u00e1si sorokat a Colosseumn\u00e1l \u00e9s a Vatik\u00e1ni M\u00fazeumokban, \u00edgy \u00f3r\u00e1kig tart\u00f3 v\u00e1rakoz\u00e1st &#8230; <a title=\"No any tour guide listed yet\" class=\"read-more\" href=\"https:\/\/officialguides.com\/hu\/guides\/no-any-tour-guide-listed-yet\/\" aria-label=\"Read more about No any tour guide listed yet\">Olvass tov\u00e1bb<\/a><\/p>\n","protected":false},"author":3,"featured_media":398551,"comment_status":"closed","ping_status":"closed","sticky":false,"template":"","format":"standard","meta":{"_acf_changed":false,"footnotes":""},"categories":[721],"tags":[],"class_list":["post-398552","post","type-post","status-publish","format-standard","has-post-thumbnail","hentry","category-roma"],"acf":[],"yoast_head":"<!-- This site is optimized with the Yoast SEO plugin v27.4 - https:\/\/yoast.com\/product\/yoast-seo-wordpress\/ -->\n<title>Priv\u00e1t magyar nyelv\u0171 idegenvezet\u0151 R\u00f3m\u00e1ban: Hivatalosak \u00e9s licencelt | \u00c1rak 2026<\/title>\n<meta name=\"description\" content=\"Magyarul besz\u00e9l\u0151 priv\u00e1t idegenvezet\u0151t keres R\u00f3m\u00e1ban? Akkredit\u00e1lt, enged\u00e9llyel rendelkez\u0151 \u00e9s szak\u00e9rt\u0151 idegenvezet\u0151k. K\u00f6lts\u00e9g f\u0151re, \u00e1rak csoportnak \u00e9s \u00f3rad\u00edj.\" \/>\n<meta name=\"robots\" content=\"index, follow, max-snippet:-1, max-image-preview:large, max-video-preview:-1\" \/>\n<link rel=\"canonical\" href=\"https:\/\/officialguides.com\/hu\/europa\/olaszorszag\/roma\/magyar-idegenvezeto-roma\/\" \/>\n<meta property=\"og:locale\" content=\"hu_HU\" \/>\n<meta property=\"og:type\" content=\"article\" \/>\n<meta property=\"og:title\" content=\"Priv\u00e1t magyar nyelv\u0171 idegenvezet\u0151 R\u00f3m\u00e1ban: Hivatalosak \u00e9s licencelt | \u00c1rak 2026\" \/>\n<meta property=\"og:description\" content=\"Magyarul besz\u00e9l\u0151 priv\u00e1t idegenvezet\u0151t keres R\u00f3m\u00e1ban? Akkredit\u00e1lt, enged\u00e9llyel rendelkez\u0151 \u00e9s szak\u00e9rt\u0151 idegenvezet\u0151k. K\u00f6lts\u00e9g f\u0151re, \u00e1rak csoportnak \u00e9s \u00f3rad\u00edj.\" \/>\n<meta property=\"og:url\" content=\"https:\/\/officialguides.com\/hu\/europa\/olaszorszag\/roma\/magyar-idegenvezeto-roma\/\" \/>\n<meta property=\"og:site_name\" content=\"Find Your Private Tour Guide Around The World!\" \/>\n<meta property=\"article:author\" content=\"https:\/\/facebook.com\/yusuf_sipahi\" \/>\n<meta property=\"article:published_time\" content=\"2026-02-18T19:55:41+00:00\" \/>\n<meta property=\"article:modified_time\" content=\"2026-04-24T21:57:42+00:00\" \/>\n<meta property=\"og:image\" content=\"https:\/\/officialguides.com\/wp-content\/uploads\/2026\/02\/licensed-private-tour-guide-rome.jpg\" \/>\n\t<meta property=\"og:image:width\" content=\"1024\" \/>\n\t<meta property=\"og:image:height\" content=\"559\" \/>\n\t<meta property=\"og:image:type\" content=\"image\/jpeg\" \/>\n<meta name=\"author\" content=\"OG\" \/>\n<meta name=\"twitter:card\" content=\"summary_large_image\" \/>\n<meta name=\"twitter:label1\" content=\"Szerz\u0151:\" \/>\n\t<meta name=\"twitter:data1\" content=\"OG\" \/>\n\t<meta name=\"twitter:label2\" content=\"Becs\u00fclt olvas\u00e1si id\u0151\" \/>\n\t<meta name=\"twitter:data2\" content=\"8 perc\" \/>\n<script type=\"application\/ld+json\" class=\"yoast-schema-graph\">{\"@context\":\"https:\\\/\\\/schema.org\",\"@graph\":[{\"@type\":\"Article\",\"@id\":\"https:\\\/\\\/officialguides.com\\\/hu\\\/europa\\\/olaszorszag\\\/roma\\\/magyar-idegenvezeto-roma\\\/#article\",\"isPartOf\":{\"@id\":\"https:\\\/\\\/officialguides.com\\\/hu\\\/europa\\\/olaszorszag\\\/roma\\\/magyar-idegenvezeto-roma\\\/\"},\"author\":{\"name\":\"OG\",\"@id\":\"https:\\\/\\\/officialguides.com\\\/hu\\\/#\\\/schema\\\/person\\\/a51050a718e9b3200cf5e1435d15b23e\"},\"headline\":\"Priv\u00e1t Magyar Idegenvezet\u0151 R\u00f3m\u00e1ban\",\"datePublished\":\"2026-02-18T19:55:41+00:00\",\"dateModified\":\"2026-04-24T21:57:42+00:00\",\"mainEntityOfPage\":{\"@id\":\"https:\\\/\\\/officialguides.com\\\/hu\\\/europa\\\/olaszorszag\\\/roma\\\/magyar-idegenvezeto-roma\\\/\"},\"wordCount\":2530,\"image\":{\"@id\":\"https:\\\/\\\/officialguides.com\\\/hu\\\/europa\\\/olaszorszag\\\/roma\\\/magyar-idegenvezeto-roma\\\/#primaryimage\"},\"thumbnailUrl\":\"https:\\\/\\\/officialguides.com\\\/wp-content\\\/uploads\\\/2026\\\/02\\\/licensed-private-tour-guide-rome.jpg\",\"articleSection\":[\"R\u00f3ma\"],\"inLanguage\":\"hu\"},{\"@type\":\"WebPage\",\"@id\":\"https:\\\/\\\/officialguides.com\\\/hu\\\/europa\\\/olaszorszag\\\/roma\\\/magyar-idegenvezeto-roma\\\/\",\"url\":\"https:\\\/\\\/officialguides.com\\\/hu\\\/europa\\\/olaszorszag\\\/roma\\\/magyar-idegenvezeto-roma\\\/\",\"name\":\"Priv\u00e1t magyar nyelv\u0171 idegenvezet\u0151 R\u00f3m\u00e1ban: Hivatalosak \u00e9s licencelt | \u00c1rak 2026\",\"isPartOf\":{\"@id\":\"https:\\\/\\\/officialguides.com\\\/hu\\\/#website\"},\"primaryImageOfPage\":{\"@id\":\"https:\\\/\\\/officialguides.com\\\/hu\\\/europa\\\/olaszorszag\\\/roma\\\/magyar-idegenvezeto-roma\\\/#primaryimage\"},\"image\":{\"@id\":\"https:\\\/\\\/officialguides.com\\\/hu\\\/europa\\\/olaszorszag\\\/roma\\\/magyar-idegenvezeto-roma\\\/#primaryimage\"},\"thumbnailUrl\":\"https:\\\/\\\/officialguides.com\\\/wp-content\\\/uploads\\\/2026\\\/02\\\/licensed-private-tour-guide-rome.jpg\",\"datePublished\":\"2026-02-18T19:55:41+00:00\",\"dateModified\":\"2026-04-24T21:57:42+00:00\",\"author\":{\"@id\":\"https:\\\/\\\/officialguides.com\\\/hu\\\/#\\\/schema\\\/person\\\/a51050a718e9b3200cf5e1435d15b23e\"},\"description\":\"Magyarul besz\u00e9l\u0151 priv\u00e1t idegenvezet\u0151t keres R\u00f3m\u00e1ban? Akkredit\u00e1lt, enged\u00e9llyel rendelkez\u0151 \u00e9s szak\u00e9rt\u0151 idegenvezet\u0151k. K\u00f6lts\u00e9g f\u0151re, \u00e1rak csoportnak \u00e9s \u00f3rad\u00edj.\",\"breadcrumb\":{\"@id\":\"https:\\\/\\\/officialguides.com\\\/hu\\\/europa\\\/olaszorszag\\\/roma\\\/magyar-idegenvezeto-roma\\\/#breadcrumb\"},\"inLanguage\":\"hu\",\"potentialAction\":[{\"@type\":\"ReadAction\",\"target\":[\"https:\\\/\\\/officialguides.com\\\/hu\\\/europa\\\/olaszorszag\\\/roma\\\/magyar-idegenvezeto-roma\\\/\"]}]},{\"@type\":\"ImageObject\",\"inLanguage\":\"hu\",\"@id\":\"https:\\\/\\\/officialguides.com\\\/hu\\\/europa\\\/olaszorszag\\\/roma\\\/magyar-idegenvezeto-roma\\\/#primaryimage\",\"url\":\"https:\\\/\\\/officialguides.com\\\/wp-content\\\/uploads\\\/2026\\\/02\\\/licensed-private-tour-guide-rome.jpg\",\"contentUrl\":\"https:\\\/\\\/officialguides.com\\\/wp-content\\\/uploads\\\/2026\\\/02\\\/licensed-private-tour-guide-rome.jpg\",\"width\":1024,\"height\":559,\"caption\":\"Hivatalos kit\u0171z\u0151vel (Patentino) rendelkez\u0151, enged\u00e9lyes priv\u00e1t magyar idegenvezet\u0151 R\u00f3m\u00e1ban\"},{\"@type\":\"BreadcrumbList\",\"@id\":\"https:\\\/\\\/officialguides.com\\\/hu\\\/europa\\\/olaszorszag\\\/roma\\\/magyar-idegenvezeto-roma\\\/#breadcrumb\",\"itemListElement\":[{\"@type\":\"ListItem\",\"position\":1,\"name\":\"Home\",\"item\":\"https:\\\/\\\/officialguides.com\\\/hu\\\/\"},{\"@type\":\"ListItem\",\"position\":2,\"name\":\"Priv\u00e1t Magyar Idegenvezet\u0151 R\u00f3m\u00e1ban\"}]},{\"@type\":\"WebSite\",\"@id\":\"https:\\\/\\\/officialguides.com\\\/hu\\\/#website\",\"url\":\"https:\\\/\\\/officialguides.com\\\/hu\\\/\",\"name\":\"Official Tour Guides Around The World! Istanbul, Paris, Rome, Dubai...\",\"description\":\"Explore cities and popular destinations with professional, official, certified tour guides\",\"alternateName\":\"Official Guides\",\"potentialAction\":[{\"@type\":\"SearchAction\",\"target\":{\"@type\":\"EntryPoint\",\"urlTemplate\":\"https:\\\/\\\/officialguides.com\\\/hu\\\/?s={search_term_string}\"},\"query-input\":{\"@type\":\"PropertyValueSpecification\",\"valueRequired\":true,\"valueName\":\"search_term_string\"}}],\"inLanguage\":\"hu\"},{\"@type\":\"Person\",\"@id\":\"https:\\\/\\\/officialguides.com\\\/hu\\\/#\\\/schema\\\/person\\\/a51050a718e9b3200cf5e1435d15b23e\",\"name\":\"OG\",\"image\":{\"@type\":\"ImageObject\",\"inLanguage\":\"hu\",\"@id\":\"https:\\\/\\\/officialguides.com\\\/wp-content\\\/litespeed\\\/avatar\\\/3c75750ce01f0e4166360e4f4a2083e7.jpg?ver=1777123855\",\"url\":\"https:\\\/\\\/officialguides.com\\\/wp-content\\\/litespeed\\\/avatar\\\/3c75750ce01f0e4166360e4f4a2083e7.jpg?ver=1777123855\",\"contentUrl\":\"https:\\\/\\\/officialguides.com\\\/wp-content\\\/litespeed\\\/avatar\\\/3c75750ce01f0e4166360e4f4a2083e7.jpg?ver=1777123855\",\"caption\":\"OG\"},\"description\":\"Here are the details about Yusuf Sipahi, one of the authors featured on this website: EDUCATION Istanbul University, Faculty of Letters, Department of Eastern Languages and Literature, Arabic Language and Literature Escuela de Espa\u00f1a, Salamanca, Spain Istanbul University, Faculty of Economics, Tourism and Hotel Management Program Cappadocia University, Department of Tourist Guidance PROFESSIONAL EXPERIENCE Reservation Department, Pera Palace Hotel Outgoing Tours Department, Asya Tur Travel Agency Outgoing Tours Department, Varan Tur Travel Agency International Cruise Tour Guide (Costa, MSC, Royal Caribbean), Ets Tur Travel Agency International Cruise and Land Tours Guide (Costa, MSC, Royal Caribbean) at Pronto Tur Travel Agency, focusing on destinations such as Spain, Italy, France, Portugal, Norway, Sweden, Germany, Greece, Turkey, Russia, Denmark, the Netherlands, the Caribbean, and the United Arab Emirates. Guide for Turkey and International Cruise Tours (MSC), Setur Travel Agency Professional tourist guide in Istanbul, specializing in cultural, historical, and gastronomi tours Delegate of the Istanbul Chamber of Tour Guides (\u0130RO), from 2022-2025 and 2025-2028 PUBLICATIONS Kos Island Tourist Guide Book\",\"sameAs\":[\"https:\\\/\\\/facebook.com\\\/yusuf_sipahi\",\"https:\\\/\\\/www.instagram.com\\\/yusufsipahi_\",\"https:\\\/\\\/www.linkedin.com\\\/in\\\/yusuf-sipahi-5a41b6219\\\/\"]}]}<\/script>\n<!-- \/ Yoast SEO plugin. -->","yoast_head_json":{"title":"Priv\u00e1t magyar nyelv\u0171 idegenvezet\u0151 R\u00f3m\u00e1ban: Hivatalosak \u00e9s licencelt | \u00c1rak 2026","description":"Magyarul besz\u00e9l\u0151 priv\u00e1t idegenvezet\u0151t keres R\u00f3m\u00e1ban? Akkredit\u00e1lt, enged\u00e9llyel rendelkez\u0151 \u00e9s szak\u00e9rt\u0151 idegenvezet\u0151k. K\u00f6lts\u00e9g f\u0151re, \u00e1rak csoportnak \u00e9s \u00f3rad\u00edj.","robots":{"index":"index","follow":"follow","max-snippet":"max-snippet:-1","max-image-preview":"max-image-preview:large","max-video-preview":"max-video-preview:-1"},"canonical":"https:\/\/officialguides.com\/hu\/europa\/olaszorszag\/roma\/magyar-idegenvezeto-roma\/","og_locale":"hu_HU","og_type":"article","og_title":"Priv\u00e1t magyar nyelv\u0171 idegenvezet\u0151 R\u00f3m\u00e1ban: Hivatalosak \u00e9s licencelt | \u00c1rak 2026","og_description":"Magyarul besz\u00e9l\u0151 priv\u00e1t idegenvezet\u0151t keres R\u00f3m\u00e1ban? Akkredit\u00e1lt, enged\u00e9llyel rendelkez\u0151 \u00e9s szak\u00e9rt\u0151 idegenvezet\u0151k. K\u00f6lts\u00e9g f\u0151re, \u00e1rak csoportnak \u00e9s \u00f3rad\u00edj.","og_url":"https:\/\/officialguides.com\/hu\/europa\/olaszorszag\/roma\/magyar-idegenvezeto-roma\/","og_site_name":"Find Your Private Tour Guide Around The World!","article_author":"https:\/\/facebook.com\/yusuf_sipahi","article_published_time":"2026-02-18T19:55:41+00:00","article_modified_time":"2026-04-24T21:57:42+00:00","og_image":[{"width":1024,"height":559,"url":"https:\/\/officialguides.com\/wp-content\/uploads\/2026\/02\/licensed-private-tour-guide-rome.jpg","type":"image\/jpeg"}],"author":"OG","twitter_card":"summary_large_image","twitter_misc":{"Szerz\u0151:":"OG","Becs\u00fclt olvas\u00e1si id\u0151":"8 perc"},"schema":{"@context":"https:\/\/schema.org","@graph":[{"@type":"Article","@id":"https:\/\/officialguides.com\/hu\/europa\/olaszorszag\/roma\/magyar-idegenvezeto-roma\/#article","isPartOf":{"@id":"https:\/\/officialguides.com\/hu\/europa\/olaszorszag\/roma\/magyar-idegenvezeto-roma\/"},"author":{"name":"OG","@id":"https:\/\/officialguides.com\/hu\/#\/schema\/person\/a51050a718e9b3200cf5e1435d15b23e"},"headline":"Priv\u00e1t Magyar Idegenvezet\u0151 R\u00f3m\u00e1ban","datePublished":"2026-02-18T19:55:41+00:00","dateModified":"2026-04-24T21:57:42+00:00","mainEntityOfPage":{"@id":"https:\/\/officialguides.com\/hu\/europa\/olaszorszag\/roma\/magyar-idegenvezeto-roma\/"},"wordCount":2530,"image":{"@id":"https:\/\/officialguides.com\/hu\/europa\/olaszorszag\/roma\/magyar-idegenvezeto-roma\/#primaryimage"},"thumbnailUrl":"https:\/\/officialguides.com\/wp-content\/uploads\/2026\/02\/licensed-private-tour-guide-rome.jpg","articleSection":["R\u00f3ma"],"inLanguage":"hu"},{"@type":"WebPage","@id":"https:\/\/officialguides.com\/hu\/europa\/olaszorszag\/roma\/magyar-idegenvezeto-roma\/","url":"https:\/\/officialguides.com\/hu\/europa\/olaszorszag\/roma\/magyar-idegenvezeto-roma\/","name":"Priv\u00e1t magyar nyelv\u0171 idegenvezet\u0151 R\u00f3m\u00e1ban: Hivatalosak \u00e9s licencelt | \u00c1rak 2026","isPartOf":{"@id":"https:\/\/officialguides.com\/hu\/#website"},"primaryImageOfPage":{"@id":"https:\/\/officialguides.com\/hu\/europa\/olaszorszag\/roma\/magyar-idegenvezeto-roma\/#primaryimage"},"image":{"@id":"https:\/\/officialguides.com\/hu\/europa\/olaszorszag\/roma\/magyar-idegenvezeto-roma\/#primaryimage"},"thumbnailUrl":"https:\/\/officialguides.com\/wp-content\/uploads\/2026\/02\/licensed-private-tour-guide-rome.jpg","datePublished":"2026-02-18T19:55:41+00:00","dateModified":"2026-04-24T21:57:42+00:00","author":{"@id":"https:\/\/officialguides.com\/hu\/#\/schema\/person\/a51050a718e9b3200cf5e1435d15b23e"},"description":"Magyarul besz\u00e9l\u0151 priv\u00e1t idegenvezet\u0151t keres R\u00f3m\u00e1ban? Akkredit\u00e1lt, enged\u00e9llyel rendelkez\u0151 \u00e9s szak\u00e9rt\u0151 idegenvezet\u0151k. K\u00f6lts\u00e9g f\u0151re, \u00e1rak csoportnak \u00e9s \u00f3rad\u00edj.","breadcrumb":{"@id":"https:\/\/officialguides.com\/hu\/europa\/olaszorszag\/roma\/magyar-idegenvezeto-roma\/#breadcrumb"},"inLanguage":"hu","potentialAction":[{"@type":"ReadAction","target":["https:\/\/officialguides.com\/hu\/europa\/olaszorszag\/roma\/magyar-idegenvezeto-roma\/"]}]},{"@type":"ImageObject","inLanguage":"hu","@id":"https:\/\/officialguides.com\/hu\/europa\/olaszorszag\/roma\/magyar-idegenvezeto-roma\/#primaryimage","url":"https:\/\/officialguides.com\/wp-content\/uploads\/2026\/02\/licensed-private-tour-guide-rome.jpg","contentUrl":"https:\/\/officialguides.com\/wp-content\/uploads\/2026\/02\/licensed-private-tour-guide-rome.jpg","width":1024,"height":559,"caption":"Hivatalos kit\u0171z\u0151vel (Patentino) rendelkez\u0151, enged\u00e9lyes priv\u00e1t magyar idegenvezet\u0151 R\u00f3m\u00e1ban"},{"@type":"BreadcrumbList","@id":"https:\/\/officialguides.com\/hu\/europa\/olaszorszag\/roma\/magyar-idegenvezeto-roma\/#breadcrumb","itemListElement":[{"@type":"ListItem","position":1,"name":"Home","item":"https:\/\/officialguides.com\/hu\/"},{"@type":"ListItem","position":2,"name":"Priv\u00e1t Magyar Idegenvezet\u0151 R\u00f3m\u00e1ban"}]},{"@type":"WebSite","@id":"https:\/\/officialguides.com\/hu\/#website","url":"https:\/\/officialguides.com\/hu\/","name":"Official Tour Guides Around The World! Istanbul, Paris, Rome, Dubai...","description":"Explore cities and popular destinations with professional, official, certified tour guides","alternateName":"Official Guides","potentialAction":[{"@type":"SearchAction","target":{"@type":"EntryPoint","urlTemplate":"https:\/\/officialguides.com\/hu\/?s={search_term_string}"},"query-input":{"@type":"PropertyValueSpecification","valueRequired":true,"valueName":"search_term_string"}}],"inLanguage":"hu"},{"@type":"Person","@id":"https:\/\/officialguides.com\/hu\/#\/schema\/person\/a51050a718e9b3200cf5e1435d15b23e","name":"OG","image":{"@type":"ImageObject","inLanguage":"hu","@id":"https:\/\/officialguides.com\/wp-content\/litespeed\/avatar\/3c75750ce01f0e4166360e4f4a2083e7.jpg?ver=1777123855","url":"https:\/\/officialguides.com\/wp-content\/litespeed\/avatar\/3c75750ce01f0e4166360e4f4a2083e7.jpg?ver=1777123855","contentUrl":"https:\/\/officialguides.com\/wp-content\/litespeed\/avatar\/3c75750ce01f0e4166360e4f4a2083e7.jpg?ver=1777123855","caption":"OG"},"description":"Here are the details about Yusuf Sipahi, one of the authors featured on this website: EDUCATION Istanbul University, Faculty of Letters, Department of Eastern Languages and Literature, Arabic Language and Literature Escuela de Espa\u00f1a, Salamanca, Spain Istanbul University, Faculty of Economics, Tourism and Hotel Management Program Cappadocia University, Department of Tourist Guidance PROFESSIONAL EXPERIENCE Reservation Department, Pera Palace Hotel Outgoing Tours Department, Asya Tur Travel Agency Outgoing Tours Department, Varan Tur Travel Agency International Cruise Tour Guide (Costa, MSC, Royal Caribbean), Ets Tur Travel Agency International Cruise and Land Tours Guide (Costa, MSC, Royal Caribbean) at Pronto Tur Travel Agency, focusing on destinations such as Spain, Italy, France, Portugal, Norway, Sweden, Germany, Greece, Turkey, Russia, Denmark, the Netherlands, the Caribbean, and the United Arab Emirates. Guide for Turkey and International Cruise Tours (MSC), Setur Travel Agency Professional tourist guide in Istanbul, specializing in cultural, historical, and gastronomi tours Delegate of the Istanbul Chamber of Tour Guides (\u0130RO), from 2022-2025 and 2025-2028 PUBLICATIONS Kos Island Tourist Guide Book","sameAs":["https:\/\/facebook.com\/yusuf_sipahi","https:\/\/www.instagram.com\/yusufsipahi_","https:\/\/www.linkedin.com\/in\/yusuf-sipahi-5a41b6219\/"]}]}},"_links":{"self":[{"href":"https:\/\/officialguides.com\/hu\/wp-json\/wp\/v2\/posts\/398552","targetHints":{"allow":["GET"]}}],"collection":[{"href":"https:\/\/officialguides.com\/hu\/wp-json\/wp\/v2\/posts"}],"about":[{"href":"https:\/\/officialguides.com\/hu\/wp-json\/wp\/v2\/types\/post"}],"author":[{"embeddable":true,"href":"https:\/\/officialguides.com\/hu\/wp-json\/wp\/v2\/users\/3"}],"replies":[{"embeddable":true,"href":"https:\/\/officialguides.com\/hu\/wp-json\/wp\/v2\/comments?post=398552"}],"version-history":[{"count":14,"href":"https:\/\/officialguides.com\/hu\/wp-json\/wp\/v2\/posts\/398552\/revisions"}],"predecessor-version":[{"id":402582,"href":"https:\/\/officialguides.com\/hu\/wp-json\/wp\/v2\/posts\/398552\/revisions\/402582"}],"wp:featuredmedia":[{"embeddable":true,"href":"https:\/\/officialguides.com\/hu\/wp-json\/wp\/v2\/media\/398551"}],"wp:attachment":[{"href":"https:\/\/officialguides.com\/hu\/wp-json\/wp\/v2\/media?parent=398552"}],"wp:term":[{"taxonomy":"category","embeddable":true,"href":"https:\/\/officialguides.com\/hu\/wp-json\/wp\/v2\/categories?post=398552"},{"taxonomy":"post_tag","embeddable":true,"href":"https:\/\/officialguides.com\/hu\/wp-json\/wp\/v2\/tags?post=398552"}],"curies":[{"name":"wp","href":"https:\/\/api.w.org\/{rel}","templated":true}]}}